{"id":4084,"date":"2021-01-07T21:10:33","date_gmt":"2021-01-07T20:10:33","guid":{"rendered":"https:\/\/www.bbsabogados.com\/advocats-accions-banc-popular-2016\/"},"modified":"2021-01-07T21:10:35","modified_gmt":"2021-01-07T20:10:35","slug":"advocats-accions-banc-popular-2016","status":"publish","type":"post","link":"https:\/\/www.bbsabogados.com\/ca\/advocats-accions-banc-popular-2016\/","title":{"rendered":"Advocats accions Banc Popular 2016"},"content":{"rendered":"\n<h3 class=\"wp-block-heading\">\u00c9s possible recuperar els diners perduts en la compra d&#8217;accions de Banc Popular de 2016.<\/h3>\n\n<p>S\u00f3n molts els afectats per Banc Popular que acudeixen al nostre despatx preguntant-se si \u00e9s possibles recuperar els diners invertits en accions. Per aix\u00f2, com advocats experts en accions de Banc Popular de 2016, els parlarem sobre la possibilitat de recuperar els seus diners.<\/p>\n\n<h4 class=\"wp-block-heading\">Puc recuperar els diners perduts amb la compra d&#8217;accions de Banc Popular?<\/h4>\n\n<p><strong>S\u00ed. De fet, s\u00f3n moltes les resolucions judicials que condemnen Banc Popular<\/strong> (actualment Banco Santander) a tornar els diners de la compra d&#8217;accions de l&#8217;ampliaci\u00f3 de capital de 2016.<\/p>\n\n<p>Aix\u00ed mateix, respecte l&#8217;ampliaci\u00f3 de capital de 2012, cada vegada s\u00f3n m\u00e9s les resolucions que condemnen Banc Popular, ja que el 9 de Juliol de 2020, l&#8217;Audi\u00e8ncia Provincial de Madrid va dictar una pionera sent\u00e8ncia admetent que existien problemes econ\u00f2mics al Banc Popular des del any 2012.<\/p>\n\n<h4 class=\"wp-block-heading\"><strong>Qu\u00e8 passa si vaig comprar les accions a trav\u00e9s d&#8217;un altre banc?<\/strong><\/h4>\n\n<p><strong>No passa absolutament res.<\/strong> De fet, recentment hem obtingut una sent\u00e8ncia estimat\u00f2ria que aclareix aquesta q\u00fcesti\u00f3.<\/p>\n\n<p>Aquesta sent\u00e8ncia obtinguda per BBS Advocats, condemna a retornar, a m\u00e9s, les accions comprades a altres accionistes. Aquest pronunciament comporta que qualsevol persona que hagi comprat accions de Banc Popular pot recuperar els diners perduts, encara que les hagi comprat a altres accionistes. \u00c9s a dir, si per exemple es van subscriure les accions a trav\u00e9s de CaixaBank, Banco Santander igualment ha de respondre.<\/p>\n\n<h4 class=\"wp-block-heading\"><strong>Quin termini tinc per reclamar?<\/strong><\/h4>\n\n<p>Des BBS Advocats exercim diverses accions per assegurar-nos que el nostre client recupera els diners.<\/p>\n\n<ul class=\"wp-block-list\"><li><strong>Acci\u00f3 de nul\u00b7litat per vici de consentiment<\/strong>, entenem que el termini finalitzaria el 28 d&#8217;agost de 2021. El termini \u00e9s de 4 anys, a comptar des del moment de la resoluci\u00f3 de 7 de juny de 2017 i tenint en compte el per\u00edode de suspensi\u00f3 de terminis de l&#8217;Estat d&#8217;Alarma. Per aix\u00f2, entenem que el termini finalitzaria el 28 d&#8217;agost de 2021 (sempre que les accions s&#8217;hagin adquirit en el mercat primari).<\/li><li>Acci\u00f3 per falsedats i omissions de l&#8217;Fullet de l&#8217;ampliaci\u00f3 (art. 38.3 TRLMV). El termini de prescripci\u00f3 \u00e9s de 3 anys.<\/li><li>Acci\u00f3 per falsedats d&#8217;informacions financeres peri\u00f2diques. Aquesta acci\u00f3 est\u00e0 subjecta a un termini de prescripci\u00f3 de 3 anys.<\/li><li>Acci\u00f3 general de responsabilitat contractual. A Catalunya el termini \u00e9s de 10 anys, mentre que a la resta d&#8217;Espanya \u00e9s de 5 anys.<\/li><\/ul>\n<h4 class=\"wp-block-heading\"><strong>BBS Advocats, experts en accions de Banc Popular de 2016.<\/strong><\/h4>\n\n<p>En BBS Advocats, experts en accions de Banc Popular de 2016, ens avalen m\u00faltiples sent\u00e8ncies favorables. Si vost\u00e8 tamb\u00e9 \u00e9s un afectat per les accions de Banco Popular, no dubti en contactar amb nosaltres per ajudar a recuperar els seus diners. Pot trucar-nos a l&#8217;93.760 53 55, escriure a bbsabogados@bsabogados.com, o omplir el formulari web.<\/p>\n","protected":false},"excerpt":{"rendered":"<p>\u00c9s possible recuperar els diners perduts en la compra d&#8217;accions de Banc Popular de 2016. S\u00f3n molts els afectats per Banc Popular que acudeixen al nostre despatx preguntant-se si \u00e9s possibles recuperar els diners invertits en accions. Per aix\u00f2, com advocats experts en accions de Banc Popular de 2016, els parlarem sobre la possibilitat de [&hellip;]<\/p>\n","protected":false},"author":3,"featured_media":3901,"comment_status":"closed","ping_status":"closed","sticky":false,"template":"","format":"standard","meta":{"_acf_changed":false,"_monsterinsights_skip_tracking":false,"_monsterinsights_sitenote_active":false,"_monsterinsights_sitenote_note":"","_monsterinsights_sitenote_category":0,"footnotes":""},"categories":[234,271],"tags":[],"class_list":["post-4084","post","type-post","status-publish","format-standard","has-post-thumbnail","hentry","category-banc-popular-ca","category-productes-dinversio-i-diposits-estructurats"],"acf":[],"yoast_head":"<!-- This site is optimized with the Yoast SEO plugin v27.2 - https:\/\/yoast.com\/product\/yoast-seo-wordpress\/ -->\n<title>Advocats accions Banc Popular 2016<\/title>\n<meta name=\"description\" content=\"Advocats experts en accions Banc Popular 2016. Ampliaci\u00f3 de capital 2016. Advocats de Barcelona. Reclamaci\u00f3 accions Banco Popular. Termini per reclamar\" \/>\n<meta name=\"robots\" content=\"index, follow, max-snippet:-1, max-image-preview:large, max-video-preview:-1\" \/>\n<link rel=\"canonical\" href=\"https:\/\/www.bbsabogados.com\/ca\/advocats-accions-banc-popular-2016\/\" \/>\n<meta property=\"og:locale\" content=\"ca_ES\" \/>\n<meta property=\"og:type\" content=\"article\" \/>\n<meta property=\"og:title\" content=\"Advocats accions Banc Popular 2016\" \/>\n<meta property=\"og:description\" content=\"Advocats experts en accions Banc Popular 2016. Ampliaci\u00f3 de capital 2016. Advocats de Barcelona. Reclamaci\u00f3 accions Banco Popular. Termini per reclamar\" \/>\n<meta property=\"og:url\" content=\"https:\/\/www.bbsabogados.com\/ca\/advocats-accions-banc-popular-2016\/\" \/>\n<meta property=\"og:site_name\" content=\"Despacho BBS Abogados\" \/>\n<meta property=\"article:publisher\" content=\"https:\/\/www.linkedin.com\/in\/arcadi-sala-planell-bbs-abogados-29a37516\/\" \/>\n<meta property=\"article:published_time\" content=\"2021-01-07T20:10:33+00:00\" \/>\n<meta property=\"article:modified_time\" content=\"2021-01-07T20:10:35+00:00\" \/>\n<meta property=\"og:image\" content=\"https:\/\/www.bbsabogados.com\/wp-content\/uploads\/2020\/12\/Abogados-acciones-banco-popular.jpg\" \/>\n\t<meta property=\"og:image:width\" content=\"500\" \/>\n\t<meta property=\"og:image:height\" content=\"279\" \/>\n\t<meta property=\"og:image:type\" content=\"image\/jpeg\" \/>\n<meta name=\"author\" content=\"Arcadi Sala-Planell\" \/>\n<meta name=\"twitter:card\" content=\"summary_large_image\" \/>\n<meta name=\"twitter:creator\" content=\"@bbsabogados\" \/>\n<meta name=\"twitter:site\" content=\"@bbsabogados\" \/>\n<meta name=\"twitter:label1\" content=\"Escrit per\" \/>\n\t<meta name=\"twitter:data1\" content=\"Arcadi Sala-Planell\" \/>\n\t<meta name=\"twitter:label2\" content=\"Temps estimat de lectura\" \/>\n\t<meta name=\"twitter:data2\" content=\"2 minuts\" \/>\n<script type=\"application\/ld+json\" class=\"yoast-schema-graph\">{\"@context\":\"https:\/\/schema.org\",\"@graph\":[{\"@type\":\"Article\",\"@id\":\"https:\/\/www.bbsabogados.com\/ca\/advocats-accions-banc-popular-2016\/#article\",\"isPartOf\":{\"@id\":\"https:\/\/www.bbsabogados.com\/ca\/advocats-accions-banc-popular-2016\/\"},\"author\":{\"name\":\"Arcadi Sala-Planell\",\"@id\":\"https:\/\/www.bbsabogados.com\/ca\/#\/schema\/person\/713a0deadf95fc79d77406bc73f52279\"},\"headline\":\"Advocats accions Banc Popular 2016\",\"datePublished\":\"2021-01-07T20:10:33+00:00\",\"dateModified\":\"2021-01-07T20:10:35+00:00\",\"mainEntityOfPage\":{\"@id\":\"https:\/\/www.bbsabogados.com\/ca\/advocats-accions-banc-popular-2016\/\"},\"wordCount\":475,\"publisher\":{\"@id\":\"https:\/\/www.bbsabogados.com\/ca\/#organization\"},\"image\":{\"@id\":\"https:\/\/www.bbsabogados.com\/ca\/advocats-accions-banc-popular-2016\/#primaryimage\"},\"thumbnailUrl\":\"https:\/\/www.bbsabogados.com\/wp-content\/uploads\/2020\/12\/Abogados-acciones-banco-popular.jpg\",\"articleSection\":[\"Banco Popular\",\"Productes d'inversi\u00f3 i dip\u00f2sits estructurats\"],\"inLanguage\":\"ca\"},{\"@type\":\"WebPage\",\"@id\":\"https:\/\/www.bbsabogados.com\/ca\/advocats-accions-banc-popular-2016\/\",\"url\":\"https:\/\/www.bbsabogados.com\/ca\/advocats-accions-banc-popular-2016\/\",\"name\":\"Advocats accions Banc Popular 2016\",\"isPartOf\":{\"@id\":\"https:\/\/www.bbsabogados.com\/ca\/#website\"},\"primaryImageOfPage\":{\"@id\":\"https:\/\/www.bbsabogados.com\/ca\/advocats-accions-banc-popular-2016\/#primaryimage\"},\"image\":{\"@id\":\"https:\/\/www.bbsabogados.com\/ca\/advocats-accions-banc-popular-2016\/#primaryimage\"},\"thumbnailUrl\":\"https:\/\/www.bbsabogados.com\/wp-content\/uploads\/2020\/12\/Abogados-acciones-banco-popular.jpg\",\"datePublished\":\"2021-01-07T20:10:33+00:00\",\"dateModified\":\"2021-01-07T20:10:35+00:00\",\"description\":\"Advocats experts en accions Banc Popular 2016. Ampliaci\u00f3 de capital 2016. Advocats de Barcelona. Reclamaci\u00f3 accions Banco Popular. Termini per reclamar\",\"breadcrumb\":{\"@id\":\"https:\/\/www.bbsabogados.com\/ca\/advocats-accions-banc-popular-2016\/#breadcrumb\"},\"inLanguage\":\"ca\",\"potentialAction\":[{\"@type\":\"ReadAction\",\"target\":[\"https:\/\/www.bbsabogados.com\/ca\/advocats-accions-banc-popular-2016\/\"]}]},{\"@type\":\"ImageObject\",\"inLanguage\":\"ca\",\"@id\":\"https:\/\/www.bbsabogados.com\/ca\/advocats-accions-banc-popular-2016\/#primaryimage\",\"url\":\"https:\/\/www.bbsabogados.com\/wp-content\/uploads\/2020\/12\/Abogados-acciones-banco-popular.jpg\",\"contentUrl\":\"https:\/\/www.bbsabogados.com\/wp-content\/uploads\/2020\/12\/Abogados-acciones-banco-popular.jpg\",\"width\":500,\"height\":279,\"caption\":\"banco popular, abogados, acciones, ampliaci\u00f3n capital 2016, reclamar, demanda, Barcelona\"},{\"@type\":\"BreadcrumbList\",\"@id\":\"https:\/\/www.bbsabogados.com\/ca\/advocats-accions-banc-popular-2016\/#breadcrumb\",\"itemListElement\":[{\"@type\":\"ListItem\",\"position\":1,\"name\":\"Inicio\",\"item\":\"https:\/\/www.bbsabogados.com\/ca\/\"},{\"@type\":\"ListItem\",\"position\":2,\"name\":\"Banco Popular\",\"item\":\"https:\/\/www.bbsabogados.com\/ca\/categoria\/banc-popular-ca\/\"},{\"@type\":\"ListItem\",\"position\":3,\"name\":\"Advocats accions Banc Popular 2016\"}]},{\"@type\":\"WebSite\",\"@id\":\"https:\/\/www.bbsabogados.com\/ca\/#website\",\"url\":\"https:\/\/www.bbsabogados.com\/ca\/\",\"name\":\"BBS Abogados\",\"description\":\"Expertos en Derecho Bancario y Financiero\",\"publisher\":{\"@id\":\"https:\/\/www.bbsabogados.com\/ca\/#organization\"},\"potentialAction\":[{\"@type\":\"SearchAction\",\"target\":{\"@type\":\"EntryPoint\",\"urlTemplate\":\"https:\/\/www.bbsabogados.com\/ca\/?s={search_term_string}\"},\"query-input\":{\"@type\":\"PropertyValueSpecification\",\"valueRequired\":true,\"valueName\":\"search_term_string\"}}],\"inLanguage\":\"ca\"},{\"@type\":\"Organization\",\"@id\":\"https:\/\/www.bbsabogados.com\/ca\/#organization\",\"name\":\"BBS Abogados\",\"url\":\"https:\/\/www.bbsabogados.com\/ca\/\",\"logo\":{\"@type\":\"ImageObject\",\"inLanguage\":\"ca\",\"@id\":\"https:\/\/www.bbsabogados.com\/ca\/#\/schema\/logo\/image\/\",\"url\":\"https:\/\/www.bbsabogados.com\/wp-content\/uploads\/2020\/02\/LOGO_Abogados_BBS.png\",\"contentUrl\":\"https:\/\/www.bbsabogados.com\/wp-content\/uploads\/2020\/02\/LOGO_Abogados_BBS.png\",\"width\":130,\"height\":83,\"caption\":\"BBS Abogados\"},\"image\":{\"@id\":\"https:\/\/www.bbsabogados.com\/ca\/#\/schema\/logo\/image\/\"},\"sameAs\":[\"https:\/\/www.linkedin.com\/in\/arcadi-sala-planell-bbs-abogados-29a37516\/\",\"https:\/\/x.com\/bbsabogados\",\"https:\/\/www.facebook.com\/pages\/BBS-Abogados-y-Asesores-Financieros\/161040880606162\",\"https:\/\/www.instagram.com\/bbsabogados\/\"]},{\"@type\":\"Person\",\"@id\":\"https:\/\/www.bbsabogados.com\/ca\/#\/schema\/person\/713a0deadf95fc79d77406bc73f52279\",\"name\":\"Arcadi Sala-Planell\",\"image\":{\"@type\":\"ImageObject\",\"inLanguage\":\"ca\",\"@id\":\"https:\/\/secure.gravatar.com\/avatar\/d305bd39cf310b98af953dec4cabbcd5f6c5a2d79f006648755a8493629a7138?s=96&d=mm&r=g\",\"url\":\"https:\/\/secure.gravatar.com\/avatar\/d305bd39cf310b98af953dec4cabbcd5f6c5a2d79f006648755a8493629a7138?s=96&d=mm&r=g\",\"contentUrl\":\"https:\/\/secure.gravatar.com\/avatar\/d305bd39cf310b98af953dec4cabbcd5f6c5a2d79f006648755a8493629a7138?s=96&d=mm&r=g\",\"caption\":\"Arcadi Sala-Planell\"}}]}<\/script>\n<!-- \/ Yoast SEO plugin. -->","yoast_head_json":{"title":"Advocats accions Banc Popular 2016","description":"Advocats experts en accions Banc Popular 2016. Ampliaci\u00f3 de capital 2016. Advocats de Barcelona. Reclamaci\u00f3 accions Banco Popular. Termini per reclamar","robots":{"index":"index","follow":"follow","max-snippet":"max-snippet:-1","max-image-preview":"max-image-preview:large","max-video-preview":"max-video-preview:-1"},"canonical":"https:\/\/www.bbsabogados.com\/ca\/advocats-accions-banc-popular-2016\/","og_locale":"ca_ES","og_type":"article","og_title":"Advocats accions Banc Popular 2016","og_description":"Advocats experts en accions Banc Popular 2016. Ampliaci\u00f3 de capital 2016. Advocats de Barcelona. Reclamaci\u00f3 accions Banco Popular. Termini per reclamar","og_url":"https:\/\/www.bbsabogados.com\/ca\/advocats-accions-banc-popular-2016\/","og_site_name":"Despacho BBS Abogados","article_publisher":"https:\/\/www.linkedin.com\/in\/arcadi-sala-planell-bbs-abogados-29a37516\/","article_published_time":"2021-01-07T20:10:33+00:00","article_modified_time":"2021-01-07T20:10:35+00:00","og_image":[{"width":500,"height":279,"url":"https:\/\/www.bbsabogados.com\/wp-content\/uploads\/2020\/12\/Abogados-acciones-banco-popular.jpg","type":"image\/jpeg"}],"author":"Arcadi Sala-Planell","twitter_card":"summary_large_image","twitter_creator":"@bbsabogados","twitter_site":"@bbsabogados","twitter_misc":{"Escrit per":"Arcadi Sala-Planell","Temps estimat de lectura":"2 minuts"},"schema":{"@context":"https:\/\/schema.org","@graph":[{"@type":"Article","@id":"https:\/\/www.bbsabogados.com\/ca\/advocats-accions-banc-popular-2016\/#article","isPartOf":{"@id":"https:\/\/www.bbsabogados.com\/ca\/advocats-accions-banc-popular-2016\/"},"author":{"name":"Arcadi Sala-Planell","@id":"https:\/\/www.bbsabogados.com\/ca\/#\/schema\/person\/713a0deadf95fc79d77406bc73f52279"},"headline":"Advocats accions Banc Popular 2016","datePublished":"2021-01-07T20:10:33+00:00","dateModified":"2021-01-07T20:10:35+00:00","mainEntityOfPage":{"@id":"https:\/\/www.bbsabogados.com\/ca\/advocats-accions-banc-popular-2016\/"},"wordCount":475,"publisher":{"@id":"https:\/\/www.bbsabogados.com\/ca\/#organization"},"image":{"@id":"https:\/\/www.bbsabogados.com\/ca\/advocats-accions-banc-popular-2016\/#primaryimage"},"thumbnailUrl":"https:\/\/www.bbsabogados.com\/wp-content\/uploads\/2020\/12\/Abogados-acciones-banco-popular.jpg","articleSection":["Banco Popular","Productes d'inversi\u00f3 i dip\u00f2sits estructurats"],"inLanguage":"ca"},{"@type":"WebPage","@id":"https:\/\/www.bbsabogados.com\/ca\/advocats-accions-banc-popular-2016\/","url":"https:\/\/www.bbsabogados.com\/ca\/advocats-accions-banc-popular-2016\/","name":"Advocats accions Banc Popular 2016","isPartOf":{"@id":"https:\/\/www.bbsabogados.com\/ca\/#website"},"primaryImageOfPage":{"@id":"https:\/\/www.bbsabogados.com\/ca\/advocats-accions-banc-popular-2016\/#primaryimage"},"image":{"@id":"https:\/\/www.bbsabogados.com\/ca\/advocats-accions-banc-popular-2016\/#primaryimage"},"thumbnailUrl":"https:\/\/www.bbsabogados.com\/wp-content\/uploads\/2020\/12\/Abogados-acciones-banco-popular.jpg","datePublished":"2021-01-07T20:10:33+00:00","dateModified":"2021-01-07T20:10:35+00:00","description":"Advocats experts en accions Banc Popular 2016. Ampliaci\u00f3 de capital 2016. Advocats de Barcelona. Reclamaci\u00f3 accions Banco Popular. Termini per reclamar","breadcrumb":{"@id":"https:\/\/www.bbsabogados.com\/ca\/advocats-accions-banc-popular-2016\/#breadcrumb"},"inLanguage":"ca","potentialAction":[{"@type":"ReadAction","target":["https:\/\/www.bbsabogados.com\/ca\/advocats-accions-banc-popular-2016\/"]}]},{"@type":"ImageObject","inLanguage":"ca","@id":"https:\/\/www.bbsabogados.com\/ca\/advocats-accions-banc-popular-2016\/#primaryimage","url":"https:\/\/www.bbsabogados.com\/wp-content\/uploads\/2020\/12\/Abogados-acciones-banco-popular.jpg","contentUrl":"https:\/\/www.bbsabogados.com\/wp-content\/uploads\/2020\/12\/Abogados-acciones-banco-popular.jpg","width":500,"height":279,"caption":"banco popular, abogados, acciones, ampliaci\u00f3n capital 2016, reclamar, demanda, Barcelona"},{"@type":"BreadcrumbList","@id":"https:\/\/www.bbsabogados.com\/ca\/advocats-accions-banc-popular-2016\/#breadcrumb","itemListElement":[{"@type":"ListItem","position":1,"name":"Inicio","item":"https:\/\/www.bbsabogados.com\/ca\/"},{"@type":"ListItem","position":2,"name":"Banco Popular","item":"https:\/\/www.bbsabogados.com\/ca\/categoria\/banc-popular-ca\/"},{"@type":"ListItem","position":3,"name":"Advocats accions Banc Popular 2016"}]},{"@type":"WebSite","@id":"https:\/\/www.bbsabogados.com\/ca\/#website","url":"https:\/\/www.bbsabogados.com\/ca\/","name":"BBS Abogados","description":"Expertos en Derecho Bancario y Financiero","publisher":{"@id":"https:\/\/www.bbsabogados.com\/ca\/#organization"},"potentialAction":[{"@type":"SearchAction","target":{"@type":"EntryPoint","urlTemplate":"https:\/\/www.bbsabogados.com\/ca\/?s={search_term_string}"},"query-input":{"@type":"PropertyValueSpecification","valueRequired":true,"valueName":"search_term_string"}}],"inLanguage":"ca"},{"@type":"Organization","@id":"https:\/\/www.bbsabogados.com\/ca\/#organization","name":"BBS Abogados","url":"https:\/\/www.bbsabogados.com\/ca\/","logo":{"@type":"ImageObject","inLanguage":"ca","@id":"https:\/\/www.bbsabogados.com\/ca\/#\/schema\/logo\/image\/","url":"https:\/\/www.bbsabogados.com\/wp-content\/uploads\/2020\/02\/LOGO_Abogados_BBS.png","contentUrl":"https:\/\/www.bbsabogados.com\/wp-content\/uploads\/2020\/02\/LOGO_Abogados_BBS.png","width":130,"height":83,"caption":"BBS Abogados"},"image":{"@id":"https:\/\/www.bbsabogados.com\/ca\/#\/schema\/logo\/image\/"},"sameAs":["https:\/\/www.linkedin.com\/in\/arcadi-sala-planell-bbs-abogados-29a37516\/","https:\/\/x.com\/bbsabogados","https:\/\/www.facebook.com\/pages\/BBS-Abogados-y-Asesores-Financieros\/161040880606162","https:\/\/www.instagram.com\/bbsabogados\/"]},{"@type":"Person","@id":"https:\/\/www.bbsabogados.com\/ca\/#\/schema\/person\/713a0deadf95fc79d77406bc73f52279","name":"Arcadi Sala-Planell","image":{"@type":"ImageObject","inLanguage":"ca","@id":"https:\/\/secure.gravatar.com\/avatar\/d305bd39cf310b98af953dec4cabbcd5f6c5a2d79f006648755a8493629a7138?s=96&d=mm&r=g","url":"https:\/\/secure.gravatar.com\/avatar\/d305bd39cf310b98af953dec4cabbcd5f6c5a2d79f006648755a8493629a7138?s=96&d=mm&r=g","contentUrl":"https:\/\/secure.gravatar.com\/avatar\/d305bd39cf310b98af953dec4cabbcd5f6c5a2d79f006648755a8493629a7138?s=96&d=mm&r=g","caption":"Arcadi Sala-Planell"}}]}},"_links":{"self":[{"href":"https:\/\/www.bbsabogados.com\/ca\/wp-json\/wp\/v2\/posts\/4084","targetHints":{"allow":["GET"]}}],"collection":[{"href":"https:\/\/www.bbsabogados.com\/ca\/wp-json\/wp\/v2\/posts"}],"about":[{"href":"https:\/\/www.bbsabogados.com\/ca\/wp-json\/wp\/v2\/types\/post"}],"author":[{"embeddable":true,"href":"https:\/\/www.bbsabogados.com\/ca\/wp-json\/wp\/v2\/users\/3"}],"replies":[{"embeddable":true,"href":"https:\/\/www.bbsabogados.com\/ca\/wp-json\/wp\/v2\/comments?post=4084"}],"version-history":[{"count":0,"href":"https:\/\/www.bbsabogados.com\/ca\/wp-json\/wp\/v2\/posts\/4084\/revisions"}],"wp:featuredmedia":[{"embeddable":true,"href":"https:\/\/www.bbsabogados.com\/ca\/wp-json\/wp\/v2\/media\/3901"}],"wp:attachment":[{"href":"https:\/\/www.bbsabogados.com\/ca\/wp-json\/wp\/v2\/media?parent=4084"}],"wp:term":[{"taxonomy":"category","embeddable":true,"href":"https:\/\/www.bbsabogados.com\/ca\/wp-json\/wp\/v2\/categories?post=4084"},{"taxonomy":"post_tag","embeddable":true,"href":"https:\/\/www.bbsabogados.com\/ca\/wp-json\/wp\/v2\/tags?post=4084"}],"curies":[{"name":"wp","href":"https:\/\/api.w.org\/{rel}","templated":true}]}}