{"id":6514,"date":"2022-03-02T08:13:54","date_gmt":"2022-03-02T07:13:54","guid":{"rendered":"https:\/\/www.bbsabogados.com\/per-que-ha-baixat-el-preu-dels-cda-de-triodos\/"},"modified":"2022-03-02T08:13:55","modified_gmt":"2022-03-02T07:13:55","slug":"per-que-ha-baixat-el-preu-dels-cda-de-triodos","status":"publish","type":"post","link":"https:\/\/www.bbsabogados.com\/ca\/per-que-ha-baixat-el-preu-dels-cda-de-triodos\/","title":{"rendered":"Per qu\u00e8 ha baixat el preu dels CDA de Triodos?"},"content":{"rendered":"\n<h3 class=\"wp-block-heading\"><strong>La baixada del 30% del preu dels CDA \u00e9s una estimaci\u00f3 de Triodes.<\/strong><\/h3>\n\n<p>A finals d&#8217;anys vam comen\u00e7ar a rebre multitud de consultes d&#8217;afectats pels CDA de Triodos. El motiu: el preu del CDA havia caigut un 30%. Evidentment, els clients estan molt sorpresos, ja que en la majoria de casos, el banc els havia dit que el risc era m\u00ednim. \u00c9s m\u00e9s, a molts clients els van aconsellar aquest producte explicant-los en tot moment que es tractava d&#8217;un producte del banc, totalment segur i sense cap risc, i que els reportaria beneficis excel\u00b7lents. Res m\u00e9s lluny de la realitat. Ara els clients, es pregunten : &#8220;Per qu\u00e8 ha baixat tant el preu dels CDA de Triodos?&#8221; I el m\u00e9s important: &#8220;Seguir\u00e0 baixant?&#8221;<\/p>\n\n<h4 class=\"wp-block-heading\"><strong>Tancament del Mercat Intern.<\/strong><\/h4>\n\n<p>El problema va comen\u00e7ar amb el tancament del mercat intern, quan el 5 de gener del 2021, <a href=\"https:\/\/www.triodos.es\/es\/notas-de-prensa\/2021\/suspension-temporal-de-la-compraventa-de-cda-de-triodos-bank\">Triodos Bank va suspendre la possibilitat de comprar i vendre CDAs<\/a>, justificant-ho en la incertesa derivada de la pand\u00e8mia.<\/p>\n\n<p>Triodos ho va justificar declarant que havia emergit \u00abun patr\u00f3 de compravenda en qu\u00e8 el nombre d&#8217;ordres de venda sobrepassa el nombre d&#8217;ordres de compra de certificats de dip\u00f2sit\u00bb.<\/p>\n\n<p>D&#8217;aquesta manera, com que els CDA nom\u00e9s es poden vendre al mercat intern de Triodos, ia m\u00e9s no tenen termini de venciment (\u00e9s un deute perpetu), <strong>de moment els titulars de CDA no poden recuperar la inversi\u00f3.<\/strong><\/p>\n\n<h4 class=\"wp-block-heading\"><strong>Ara els CDA cotitzaran en un sistema multilateral de negociaci\u00f3 (SMN)<\/strong><\/h4>\n\n<p>Tal com ha anunciat Triodos recentment, els CDA deixaran de comercialitzar-se al mercat intern de l&#8217;entitat. Al seu lloc, aquests <strong>cotitzaran en un Sistema Multilateral de Negociaci\u00f3 (SMN).<\/strong><\/p>\n\n<p>Que els CDA cotitzin en un SMN vol dir que el seu valor ja no es fixar\u00e0 segons el valor net comptable del banc, sin\u00f3 que el comer\u00e7 de CDA operar\u00e0 amb<strong> preus variables.<\/strong><\/p>\n\n<h4 class=\"wp-block-heading\"><strong>Per qu\u00e8 ja ha baixat el preu del CDA si encara no cotitza a l&#8217;SMN?<\/strong><\/h4>\n\n<p>El preu dels CDA de Triodos ha baixat <strong>un 30% perqu\u00e8 aquesta \u00e9s la baixada de preu que estimava l&#8217;entitat<\/strong> a finals del 2021.<\/p>\n\n<p>Triodos t\u00e9 l&#8217;obligaci\u00f3 de comunicar el valor del CDA a les autoritats fiscals i als titulars. No obstant aix\u00f2, pel fet que el mercat de CDAs est\u00e0 tancat des del 5 de gener de 2021, no hi ha un preu de comercialitzaci\u00f3 actual disponible el 31 de desembre de 2021.<\/p>\n\n<p>En conseq\u00fc\u00e8ncia, Triodos ha fet una estimaci\u00f3 del valor econ\u00f2mic del CDA: un 30% menys que l&#8217;any passat. \u00c9s a dir, \u00e9s 59\u20ac.<\/p>\n\n<p>Per tant, no \u00e9s que el preu del CDA hagi baixat un 30%, sin\u00f3 que Triodos estima que, a finals del 2021, havia disminu\u00eft en aquest percentatge.<\/p>\n\n<h4 class=\"wp-block-heading\"><strong>Pot baixar m\u00e9s el preu del CDA?<\/strong><\/h4>\n\n<p>Des de <a href=\"http:\/\/www.bbsabogados.com\/cat\">BBS Advocats<\/a>, considerem que el preu del CDA pot baixar fins i tot m\u00e9s d&#8217;aquest percentatge.<\/p>\n\n<p>La ra\u00f3 \u00e9s que<strong> veiem pr\u00e0cticament impossible que hi hagi compradors de CDAs<\/strong>, en ser un producte propi d&#8217;una entitat i per les seves caracter\u00edstiques, que com ja els hem explicat en articles anteriors, s&#8217;assemblen for\u00e7a a les famoses participacions preferents.<\/p>\n\n<p>De fet, Triodos ha afirmat que &#8220;<em>Segons les valoracions actuals de les institucions financeres europees que cotitzen a borsa, cal esperar que el preu de negociaci\u00f3 variable sigui, en aquell moment, <strong>considerablement m\u00e9s baix que el basat en el valor net comptable del banc .<\/strong><\/em>&#8220;<\/p>\n\n<h4 class=\"wp-block-heading\">Des de<strong> BBS Advocats<\/strong> estem presentant demandes pels CDA de Triodos.<\/h4>\n\n<p>A causa de les consultes rebudes per diversos afectats pels , moltes relacionades amb la baixada del preu del CDA, des de BBS Advocats portem molts mesos fent un seguiment de la situaci\u00f3. Tamb\u00e9 hem optat per demandar les CDA de Triodos, ja que no ha estat possible arribar a una soluci\u00f3 extrajudicial amb l&#8217;entitat.<\/p>\n\n<p>Si vost\u00e8 tamb\u00e9 \u00e9s un titular afectat i vol rebre assessorament especialitzat, pot contactar amb nosaltres a trav\u00e9s del nostre <a href=\"https:\/\/www.bbsabogados.com\/cat\/oficinas\/\">formulari web<\/a>, escrivint-nos a <a href=\"mailto:bbsabogados@bbsabogados.com\">bbsabogados@bbsabogados.com<\/a> o trucant al 93.760.53.77.<\/p>\n","protected":false},"excerpt":{"rendered":"<p>La baixada del 30% del preu dels CDA \u00e9s una estimaci\u00f3 de Triodes. A finals d&#8217;anys vam comen\u00e7ar a rebre multitud de consultes d&#8217;afectats pels CDA de Triodos. El motiu: el preu del CDA havia caigut un 30%. Evidentment, els clients estan molt sorpresos, ja que en la majoria de casos, el banc els havia [&hellip;]<\/p>\n","protected":false},"author":3,"featured_media":6417,"comment_status":"closed","ping_status":"closed","sticky":false,"template":"","format":"standard","meta":{"_acf_changed":false,"_monsterinsights_skip_tracking":false,"_monsterinsights_sitenote_active":false,"_monsterinsights_sitenote_note":"","_monsterinsights_sitenote_category":0,"footnotes":""},"categories":[272,271],"tags":[],"class_list":["post-6514","post","type-post","status-publish","format-standard","has-post-thumbnail","hentry","category-cda-triodos-bank-certificat-de-diposits-per-a-accions","category-productes-dinversio-i-diposits-estructurats"],"acf":[],"yoast_head":"<!-- This site is optimized with the Yoast SEO plugin v27.2 - https:\/\/yoast.com\/product\/yoast-seo-wordpress\/ -->\n<title>Per qu\u00e8 ha baixat el preu dels CDA de Triodos? - BBS Abogados.<\/title>\n<meta name=\"description\" content=\"Per qu\u00e8 ha baixat el preu dels CDA de Triodos? Baixada del 30% del preu del CDA. Cotitzaci\u00f3 a l&#039;SMN. Reclama CDAs de Triodos.\" \/>\n<meta name=\"robots\" content=\"index, follow, max-snippet:-1, max-image-preview:large, max-video-preview:-1\" \/>\n<link rel=\"canonical\" href=\"https:\/\/www.bbsabogados.com\/ca\/per-que-ha-baixat-el-preu-dels-cda-de-triodos\/\" \/>\n<meta property=\"og:locale\" content=\"ca_ES\" \/>\n<meta property=\"og:type\" content=\"article\" \/>\n<meta property=\"og:title\" content=\"Per qu\u00e8 ha baixat el preu dels CDA de Triodos? - BBS Abogados.\" \/>\n<meta property=\"og:description\" content=\"Per qu\u00e8 ha baixat el preu dels CDA de Triodos? Baixada del 30% del preu del CDA. Cotitzaci\u00f3 a l&#039;SMN. Reclama CDAs de Triodos.\" \/>\n<meta property=\"og:url\" content=\"https:\/\/www.bbsabogados.com\/ca\/per-que-ha-baixat-el-preu-dels-cda-de-triodos\/\" \/>\n<meta property=\"og:site_name\" content=\"Despacho BBS Abogados\" \/>\n<meta property=\"article:publisher\" content=\"https:\/\/www.linkedin.com\/in\/arcadi-sala-planell-bbs-abogados-29a37516\/\" \/>\n<meta property=\"article:published_time\" content=\"2022-03-02T07:13:54+00:00\" \/>\n<meta property=\"article:modified_time\" content=\"2022-03-02T07:13:55+00:00\" \/>\n<meta property=\"og:image\" content=\"https:\/\/www.bbsabogados.com\/wp-content\/uploads\/2020\/06\/general_blogs3.jpg\" \/>\n\t<meta property=\"og:image:width\" content=\"450\" \/>\n\t<meta property=\"og:image:height\" content=\"300\" \/>\n\t<meta property=\"og:image:type\" content=\"image\/jpeg\" \/>\n<meta name=\"author\" content=\"Arcadi Sala-Planell\" \/>\n<meta name=\"twitter:card\" content=\"summary_large_image\" \/>\n<meta name=\"twitter:creator\" content=\"@bbsabogados\" \/>\n<meta name=\"twitter:site\" content=\"@bbsabogados\" \/>\n<meta name=\"twitter:label1\" content=\"Escrit per\" \/>\n\t<meta name=\"twitter:data1\" content=\"Arcadi Sala-Planell\" \/>\n\t<meta name=\"twitter:label2\" content=\"Temps estimat de lectura\" \/>\n\t<meta name=\"twitter:data2\" content=\"3 minuts\" \/>\n<script type=\"application\/ld+json\" class=\"yoast-schema-graph\">{\"@context\":\"https:\/\/schema.org\",\"@graph\":[{\"@type\":\"Article\",\"@id\":\"https:\/\/www.bbsabogados.com\/ca\/per-que-ha-baixat-el-preu-dels-cda-de-triodos\/#article\",\"isPartOf\":{\"@id\":\"https:\/\/www.bbsabogados.com\/ca\/per-que-ha-baixat-el-preu-dels-cda-de-triodos\/\"},\"author\":{\"name\":\"Arcadi Sala-Planell\",\"@id\":\"https:\/\/www.bbsabogados.com\/ca\/#\/schema\/person\/713a0deadf95fc79d77406bc73f52279\"},\"headline\":\"Per qu\u00e8 ha baixat el preu dels CDA de Triodos?\",\"datePublished\":\"2022-03-02T07:13:54+00:00\",\"dateModified\":\"2022-03-02T07:13:55+00:00\",\"mainEntityOfPage\":{\"@id\":\"https:\/\/www.bbsabogados.com\/ca\/per-que-ha-baixat-el-preu-dels-cda-de-triodos\/\"},\"wordCount\":677,\"publisher\":{\"@id\":\"https:\/\/www.bbsabogados.com\/ca\/#organization\"},\"image\":{\"@id\":\"https:\/\/www.bbsabogados.com\/ca\/per-que-ha-baixat-el-preu-dels-cda-de-triodos\/#primaryimage\"},\"thumbnailUrl\":\"https:\/\/www.bbsabogados.com\/wp-content\/uploads\/2022\/01\/triodos-CDA-baja.png\",\"articleSection\":[\"CDA Triodos Bank Certificat de Dip\u00f2sits per a Accions\",\"Productes d'inversi\u00f3 i dip\u00f2sits estructurats\"],\"inLanguage\":\"ca\"},{\"@type\":\"WebPage\",\"@id\":\"https:\/\/www.bbsabogados.com\/ca\/per-que-ha-baixat-el-preu-dels-cda-de-triodos\/\",\"url\":\"https:\/\/www.bbsabogados.com\/ca\/per-que-ha-baixat-el-preu-dels-cda-de-triodos\/\",\"name\":\"Per qu\u00e8 ha baixat el preu dels CDA de Triodos? - BBS Abogados.\",\"isPartOf\":{\"@id\":\"https:\/\/www.bbsabogados.com\/ca\/#website\"},\"primaryImageOfPage\":{\"@id\":\"https:\/\/www.bbsabogados.com\/ca\/per-que-ha-baixat-el-preu-dels-cda-de-triodos\/#primaryimage\"},\"image\":{\"@id\":\"https:\/\/www.bbsabogados.com\/ca\/per-que-ha-baixat-el-preu-dels-cda-de-triodos\/#primaryimage\"},\"thumbnailUrl\":\"https:\/\/www.bbsabogados.com\/wp-content\/uploads\/2022\/01\/triodos-CDA-baja.png\",\"datePublished\":\"2022-03-02T07:13:54+00:00\",\"dateModified\":\"2022-03-02T07:13:55+00:00\",\"description\":\"Per qu\u00e8 ha baixat el preu dels CDA de Triodos? Baixada del 30% del preu del CDA. Cotitzaci\u00f3 a l'SMN. Reclama CDAs de Triodos.\",\"breadcrumb\":{\"@id\":\"https:\/\/www.bbsabogados.com\/ca\/per-que-ha-baixat-el-preu-dels-cda-de-triodos\/#breadcrumb\"},\"inLanguage\":\"ca\",\"potentialAction\":[{\"@type\":\"ReadAction\",\"target\":[\"https:\/\/www.bbsabogados.com\/ca\/per-que-ha-baixat-el-preu-dels-cda-de-triodos\/\"]}]},{\"@type\":\"ImageObject\",\"inLanguage\":\"ca\",\"@id\":\"https:\/\/www.bbsabogados.com\/ca\/per-que-ha-baixat-el-preu-dels-cda-de-triodos\/#primaryimage\",\"url\":\"https:\/\/www.bbsabogados.com\/wp-content\/uploads\/2022\/01\/triodos-CDA-baja.png\",\"contentUrl\":\"https:\/\/www.bbsabogados.com\/wp-content\/uploads\/2022\/01\/triodos-CDA-baja.png\",\"width\":720,\"height\":402,\"caption\":\"Triodos Acciones CDA a la baja\"},{\"@type\":\"BreadcrumbList\",\"@id\":\"https:\/\/www.bbsabogados.com\/ca\/per-que-ha-baixat-el-preu-dels-cda-de-triodos\/#breadcrumb\",\"itemListElement\":[{\"@type\":\"ListItem\",\"position\":1,\"name\":\"Inicio\",\"item\":\"https:\/\/www.bbsabogados.com\/ca\/\"},{\"@type\":\"ListItem\",\"position\":2,\"name\":\"Productes d'inversi\u00f3 i dip\u00f2sits estructurats\",\"item\":\"https:\/\/www.bbsabogados.com\/ca\/categoria\/productes-dinversio-i-diposits-estructurats\/\"},{\"@type\":\"ListItem\",\"position\":3,\"name\":\"Per qu\u00e8 ha baixat el preu dels CDA de Triodos?\"}]},{\"@type\":\"WebSite\",\"@id\":\"https:\/\/www.bbsabogados.com\/ca\/#website\",\"url\":\"https:\/\/www.bbsabogados.com\/ca\/\",\"name\":\"BBS Abogados\",\"description\":\"Expertos en Derecho Bancario y Financiero\",\"publisher\":{\"@id\":\"https:\/\/www.bbsabogados.com\/ca\/#organization\"},\"potentialAction\":[{\"@type\":\"SearchAction\",\"target\":{\"@type\":\"EntryPoint\",\"urlTemplate\":\"https:\/\/www.bbsabogados.com\/ca\/?s={search_term_string}\"},\"query-input\":{\"@type\":\"PropertyValueSpecification\",\"valueRequired\":true,\"valueName\":\"search_term_string\"}}],\"inLanguage\":\"ca\"},{\"@type\":\"Organization\",\"@id\":\"https:\/\/www.bbsabogados.com\/ca\/#organization\",\"name\":\"BBS Abogados\",\"url\":\"https:\/\/www.bbsabogados.com\/ca\/\",\"logo\":{\"@type\":\"ImageObject\",\"inLanguage\":\"ca\",\"@id\":\"https:\/\/www.bbsabogados.com\/ca\/#\/schema\/logo\/image\/\",\"url\":\"https:\/\/www.bbsabogados.com\/wp-content\/uploads\/2020\/02\/LOGO_Abogados_BBS.png\",\"contentUrl\":\"https:\/\/www.bbsabogados.com\/wp-content\/uploads\/2020\/02\/LOGO_Abogados_BBS.png\",\"width\":130,\"height\":83,\"caption\":\"BBS Abogados\"},\"image\":{\"@id\":\"https:\/\/www.bbsabogados.com\/ca\/#\/schema\/logo\/image\/\"},\"sameAs\":[\"https:\/\/www.linkedin.com\/in\/arcadi-sala-planell-bbs-abogados-29a37516\/\",\"https:\/\/x.com\/bbsabogados\",\"https:\/\/www.facebook.com\/pages\/BBS-Abogados-y-Asesores-Financieros\/161040880606162\",\"https:\/\/www.instagram.com\/bbsabogados\/\"]},{\"@type\":\"Person\",\"@id\":\"https:\/\/www.bbsabogados.com\/ca\/#\/schema\/person\/713a0deadf95fc79d77406bc73f52279\",\"name\":\"Arcadi Sala-Planell\",\"image\":{\"@type\":\"ImageObject\",\"inLanguage\":\"ca\",\"@id\":\"https:\/\/secure.gravatar.com\/avatar\/d305bd39cf310b98af953dec4cabbcd5f6c5a2d79f006648755a8493629a7138?s=96&d=mm&r=g\",\"url\":\"https:\/\/secure.gravatar.com\/avatar\/d305bd39cf310b98af953dec4cabbcd5f6c5a2d79f006648755a8493629a7138?s=96&d=mm&r=g\",\"contentUrl\":\"https:\/\/secure.gravatar.com\/avatar\/d305bd39cf310b98af953dec4cabbcd5f6c5a2d79f006648755a8493629a7138?s=96&d=mm&r=g\",\"caption\":\"Arcadi Sala-Planell\"}}]}<\/script>\n<!-- \/ Yoast SEO plugin. -->","yoast_head_json":{"title":"Per qu\u00e8 ha baixat el preu dels CDA de Triodos? - BBS Abogados.","description":"Per qu\u00e8 ha baixat el preu dels CDA de Triodos? Baixada del 30% del preu del CDA. Cotitzaci\u00f3 a l'SMN. Reclama CDAs de Triodos.","robots":{"index":"index","follow":"follow","max-snippet":"max-snippet:-1","max-image-preview":"max-image-preview:large","max-video-preview":"max-video-preview:-1"},"canonical":"https:\/\/www.bbsabogados.com\/ca\/per-que-ha-baixat-el-preu-dels-cda-de-triodos\/","og_locale":"ca_ES","og_type":"article","og_title":"Per qu\u00e8 ha baixat el preu dels CDA de Triodos? - BBS Abogados.","og_description":"Per qu\u00e8 ha baixat el preu dels CDA de Triodos? Baixada del 30% del preu del CDA. Cotitzaci\u00f3 a l'SMN. Reclama CDAs de Triodos.","og_url":"https:\/\/www.bbsabogados.com\/ca\/per-que-ha-baixat-el-preu-dels-cda-de-triodos\/","og_site_name":"Despacho BBS Abogados","article_publisher":"https:\/\/www.linkedin.com\/in\/arcadi-sala-planell-bbs-abogados-29a37516\/","article_published_time":"2022-03-02T07:13:54+00:00","article_modified_time":"2022-03-02T07:13:55+00:00","og_image":[{"width":450,"height":300,"url":"https:\/\/www.bbsabogados.com\/wp-content\/uploads\/2020\/06\/general_blogs3.jpg","type":"image\/jpeg"}],"author":"Arcadi Sala-Planell","twitter_card":"summary_large_image","twitter_creator":"@bbsabogados","twitter_site":"@bbsabogados","twitter_misc":{"Escrit per":"Arcadi Sala-Planell","Temps estimat de lectura":"3 minuts"},"schema":{"@context":"https:\/\/schema.org","@graph":[{"@type":"Article","@id":"https:\/\/www.bbsabogados.com\/ca\/per-que-ha-baixat-el-preu-dels-cda-de-triodos\/#article","isPartOf":{"@id":"https:\/\/www.bbsabogados.com\/ca\/per-que-ha-baixat-el-preu-dels-cda-de-triodos\/"},"author":{"name":"Arcadi Sala-Planell","@id":"https:\/\/www.bbsabogados.com\/ca\/#\/schema\/person\/713a0deadf95fc79d77406bc73f52279"},"headline":"Per qu\u00e8 ha baixat el preu dels CDA de Triodos?","datePublished":"2022-03-02T07:13:54+00:00","dateModified":"2022-03-02T07:13:55+00:00","mainEntityOfPage":{"@id":"https:\/\/www.bbsabogados.com\/ca\/per-que-ha-baixat-el-preu-dels-cda-de-triodos\/"},"wordCount":677,"publisher":{"@id":"https:\/\/www.bbsabogados.com\/ca\/#organization"},"image":{"@id":"https:\/\/www.bbsabogados.com\/ca\/per-que-ha-baixat-el-preu-dels-cda-de-triodos\/#primaryimage"},"thumbnailUrl":"https:\/\/www.bbsabogados.com\/wp-content\/uploads\/2022\/01\/triodos-CDA-baja.png","articleSection":["CDA Triodos Bank Certificat de Dip\u00f2sits per a Accions","Productes d'inversi\u00f3 i dip\u00f2sits estructurats"],"inLanguage":"ca"},{"@type":"WebPage","@id":"https:\/\/www.bbsabogados.com\/ca\/per-que-ha-baixat-el-preu-dels-cda-de-triodos\/","url":"https:\/\/www.bbsabogados.com\/ca\/per-que-ha-baixat-el-preu-dels-cda-de-triodos\/","name":"Per qu\u00e8 ha baixat el preu dels CDA de Triodos? - BBS Abogados.","isPartOf":{"@id":"https:\/\/www.bbsabogados.com\/ca\/#website"},"primaryImageOfPage":{"@id":"https:\/\/www.bbsabogados.com\/ca\/per-que-ha-baixat-el-preu-dels-cda-de-triodos\/#primaryimage"},"image":{"@id":"https:\/\/www.bbsabogados.com\/ca\/per-que-ha-baixat-el-preu-dels-cda-de-triodos\/#primaryimage"},"thumbnailUrl":"https:\/\/www.bbsabogados.com\/wp-content\/uploads\/2022\/01\/triodos-CDA-baja.png","datePublished":"2022-03-02T07:13:54+00:00","dateModified":"2022-03-02T07:13:55+00:00","description":"Per qu\u00e8 ha baixat el preu dels CDA de Triodos? Baixada del 30% del preu del CDA. Cotitzaci\u00f3 a l'SMN. Reclama CDAs de Triodos.","breadcrumb":{"@id":"https:\/\/www.bbsabogados.com\/ca\/per-que-ha-baixat-el-preu-dels-cda-de-triodos\/#breadcrumb"},"inLanguage":"ca","potentialAction":[{"@type":"ReadAction","target":["https:\/\/www.bbsabogados.com\/ca\/per-que-ha-baixat-el-preu-dels-cda-de-triodos\/"]}]},{"@type":"ImageObject","inLanguage":"ca","@id":"https:\/\/www.bbsabogados.com\/ca\/per-que-ha-baixat-el-preu-dels-cda-de-triodos\/#primaryimage","url":"https:\/\/www.bbsabogados.com\/wp-content\/uploads\/2022\/01\/triodos-CDA-baja.png","contentUrl":"https:\/\/www.bbsabogados.com\/wp-content\/uploads\/2022\/01\/triodos-CDA-baja.png","width":720,"height":402,"caption":"Triodos Acciones CDA a la baja"},{"@type":"BreadcrumbList","@id":"https:\/\/www.bbsabogados.com\/ca\/per-que-ha-baixat-el-preu-dels-cda-de-triodos\/#breadcrumb","itemListElement":[{"@type":"ListItem","position":1,"name":"Inicio","item":"https:\/\/www.bbsabogados.com\/ca\/"},{"@type":"ListItem","position":2,"name":"Productes d'inversi\u00f3 i dip\u00f2sits estructurats","item":"https:\/\/www.bbsabogados.com\/ca\/categoria\/productes-dinversio-i-diposits-estructurats\/"},{"@type":"ListItem","position":3,"name":"Per qu\u00e8 ha baixat el preu dels CDA de Triodos?"}]},{"@type":"WebSite","@id":"https:\/\/www.bbsabogados.com\/ca\/#website","url":"https:\/\/www.bbsabogados.com\/ca\/","name":"BBS Abogados","description":"Expertos en Derecho Bancario y Financiero","publisher":{"@id":"https:\/\/www.bbsabogados.com\/ca\/#organization"},"potentialAction":[{"@type":"SearchAction","target":{"@type":"EntryPoint","urlTemplate":"https:\/\/www.bbsabogados.com\/ca\/?s={search_term_string}"},"query-input":{"@type":"PropertyValueSpecification","valueRequired":true,"valueName":"search_term_string"}}],"inLanguage":"ca"},{"@type":"Organization","@id":"https:\/\/www.bbsabogados.com\/ca\/#organization","name":"BBS Abogados","url":"https:\/\/www.bbsabogados.com\/ca\/","logo":{"@type":"ImageObject","inLanguage":"ca","@id":"https:\/\/www.bbsabogados.com\/ca\/#\/schema\/logo\/image\/","url":"https:\/\/www.bbsabogados.com\/wp-content\/uploads\/2020\/02\/LOGO_Abogados_BBS.png","contentUrl":"https:\/\/www.bbsabogados.com\/wp-content\/uploads\/2020\/02\/LOGO_Abogados_BBS.png","width":130,"height":83,"caption":"BBS Abogados"},"image":{"@id":"https:\/\/www.bbsabogados.com\/ca\/#\/schema\/logo\/image\/"},"sameAs":["https:\/\/www.linkedin.com\/in\/arcadi-sala-planell-bbs-abogados-29a37516\/","https:\/\/x.com\/bbsabogados","https:\/\/www.facebook.com\/pages\/BBS-Abogados-y-Asesores-Financieros\/161040880606162","https:\/\/www.instagram.com\/bbsabogados\/"]},{"@type":"Person","@id":"https:\/\/www.bbsabogados.com\/ca\/#\/schema\/person\/713a0deadf95fc79d77406bc73f52279","name":"Arcadi Sala-Planell","image":{"@type":"ImageObject","inLanguage":"ca","@id":"https:\/\/secure.gravatar.com\/avatar\/d305bd39cf310b98af953dec4cabbcd5f6c5a2d79f006648755a8493629a7138?s=96&d=mm&r=g","url":"https:\/\/secure.gravatar.com\/avatar\/d305bd39cf310b98af953dec4cabbcd5f6c5a2d79f006648755a8493629a7138?s=96&d=mm&r=g","contentUrl":"https:\/\/secure.gravatar.com\/avatar\/d305bd39cf310b98af953dec4cabbcd5f6c5a2d79f006648755a8493629a7138?s=96&d=mm&r=g","caption":"Arcadi Sala-Planell"}}]}},"_links":{"self":[{"href":"https:\/\/www.bbsabogados.com\/ca\/wp-json\/wp\/v2\/posts\/6514","targetHints":{"allow":["GET"]}}],"collection":[{"href":"https:\/\/www.bbsabogados.com\/ca\/wp-json\/wp\/v2\/posts"}],"about":[{"href":"https:\/\/www.bbsabogados.com\/ca\/wp-json\/wp\/v2\/types\/post"}],"author":[{"embeddable":true,"href":"https:\/\/www.bbsabogados.com\/ca\/wp-json\/wp\/v2\/users\/3"}],"replies":[{"embeddable":true,"href":"https:\/\/www.bbsabogados.com\/ca\/wp-json\/wp\/v2\/comments?post=6514"}],"version-history":[{"count":0,"href":"https:\/\/www.bbsabogados.com\/ca\/wp-json\/wp\/v2\/posts\/6514\/revisions"}],"wp:featuredmedia":[{"embeddable":true,"href":"https:\/\/www.bbsabogados.com\/ca\/wp-json\/wp\/v2\/media\/6417"}],"wp:attachment":[{"href":"https:\/\/www.bbsabogados.com\/ca\/wp-json\/wp\/v2\/media?parent=6514"}],"wp:term":[{"taxonomy":"category","embeddable":true,"href":"https:\/\/www.bbsabogados.com\/ca\/wp-json\/wp\/v2\/categories?post=6514"},{"taxonomy":"post_tag","embeddable":true,"href":"https:\/\/www.bbsabogados.com\/ca\/wp-json\/wp\/v2\/tags?post=6514"}],"curies":[{"name":"wp","href":"https:\/\/api.w.org\/{rel}","templated":true}]}}