{"id":6969,"date":"2022-05-31T16:48:03","date_gmt":"2022-05-31T14:48:03","guid":{"rendered":"https:\/\/www.bbsabogados.com\/se-puede-reclamar-la-clausula-suelo-con-pacto-de-rebaja-del-tipo-de-interes\/"},"modified":"2026-03-05T18:07:41","modified_gmt":"2026-03-05T17:07:41","slug":"se-puede-reclamar-la-clausula-suelo-con-pacto-de-rebaja-del-tipo-de-interes","status":"publish","type":"post","link":"https:\/\/www.bbsabogados.com\/ca\/se-puede-reclamar-la-clausula-suelo-con-pacto-de-rebaja-del-tipo-de-interes\/","title":{"rendered":"Podeu reclamar la Cl\u00e0usula S\u00f2l amb Pacte de rebaixa del tipus d&#8217;inter\u00e8s."},"content":{"rendered":"\n<h4 class=\"wp-block-heading\">Els afectats per Cl\u00e0usules Terra amb pacte novatori que van signar un pacte privat amb el banc, encara poden reclamar malgrat la ren\u00fancia d&#8217;accions legals.<\/h4>\n\n<p>En plena allau de demandes presentades per les &#8216;cl\u00e0usules s\u00f2l&#8217;, determinades entitats financeres van iniciar una campanya per captar els afectats que acudissin a les seves oficines. L&#8217;objectiu era signar un pacte privat, pel qual l&#8217;entitat, de &#8216;bona fe&#8217;, es comprometia a rebaixar el tipus d&#8217;inter\u00e8s de la cl\u00e0usula s\u00f2l. S\u00f3n els anomenats casos de Cl\u00e0usules S\u00f2l amb pacte novatori.<br\/><br\/>\u00a0<\/p>\n\n<p>Van ser molts els casos d&#8217;afectats que encara desconeixien les possibilitats judicials de reclamaci\u00f3 i van signar confiats que l&#8217;entitat els feia una rebaixa dels tipus d&#8217;inter\u00e8s de bona fe i d&#8217;interessos foscos.<br\/><\/p>\n\n<p>Tot i aix\u00f2, van subscriure un &#8216;pacte novatori&#8217; de la cl\u00e0usula s\u00f2l per la qual el client acceptava rebaixar la cl\u00e0usula. Al mateix temps, per\u00f2, es renunciava a interposar demanda per tot el cobrat de m\u00e9s per l&#8217;esmentada cl\u00e0usula.<br\/><br\/>\u00a0<\/p>\n\n<p>Aquest tipus de pactes, van ser objecte de q\u00fcesti\u00f3 prejudicial davant del TJUE, que va acabar fallant a favor dels afectats, mitjan\u00e7ant Sent\u00e8ncia de 9 de juliol de 2020. En aquesta, es manifestava que aquests <strong>pactes eren v\u00e0lids, PER\u00d2 sempre que el client hagu\u00e9s estat degudament informat de \u00aba qu\u00e8 estava renunciant\u00bb. I en tot cas, el banc ha de superar el control de transpar\u00e8ncia.<\/strong><br\/><br\/>\u00a0<\/p>\n\n<p>El nostre Tribunal Suprem va dictar dues sent\u00e8ncies que van iniciar el vincle entre la doctrina europea amb la nacional: la 580\/2020 i la 581\/2020, totes dues del 5 de novembre.<\/p>\n\n<h4 class=\"wp-block-heading\"><strong>Jurisprud\u00e8ncia actual del Tribunal Suprem<\/strong><br\/><br\/>\u00a0<\/h4>\n\n<p>Aix\u00ed les coses, encara que de forma inexplicable, el Tribunal Suprem mant\u00e9 la validesa del pacte novatori (que moltes vegades implicava deixar un tipus fix als clients), per\u00f2 s\u00ed que accepta que la ren\u00fancia d&#8217;accions legals, ha de ser considerada com una cl\u00e0usula abusiva que no supera el control de transpar\u00e8ncia.<\/p>\n\n<p>Aix\u00ed ho confirma una de les sent\u00e8ncies recents del Suprem, del mes de mar\u00e7 del 2022, en qu\u00e8 s&#8217;accepta la rebaixa del tipus d&#8217;inter\u00e8s (del 4,50% al 2,95%) per\u00f2 declara l&#8217;abusivitat de la ren\u00fancia de accions davant del banc \u00e9s nul\u00b7la. No \u00e9s negociada individualment i no supera el control de transpar\u00e8ncia exigit. El consumidor no comptava amb \u00abla informaci\u00f3 pertinent que li permet\u00e9s comprendre les conseq\u00fc\u00e8ncies jur\u00eddiques que derivaven de tal cl\u00e0usula\u00bb.<\/p>\n\n<p>Aquest criteri \u00e9s susceptible dinterpretaci\u00f3, de manera que cada jutjat haur\u00e0 de valorar cas per cas com es va donar aquesta informaci\u00f3 als clients. Tot i que el nostre Alt Tribunal sembla que va consolidant \u00e0mplia jurisprud\u00e8ncia en el sentit abans esmentat.<\/p>\n\n<p>Aquest criteri \u00e9s susceptible dinterpretaci\u00f3, de manera que cada jutjat haur\u00e0 de valorar cas per cas com es va donar aquesta informaci\u00f3 als clients. Tot i que el nostre Alt Tribunal sembla que va consolidant \u00e0mplia jurisprud\u00e8ncia en el sentit abans esmentat.<\/p>\n\n<p>Aquest criteri \u00e9s susceptible dinterpretaci\u00f3, de manera que cada jutjat haur\u00e0 de valorar cas per cas com es donar\u00e0 aquesta informaci\u00f3 als clients. Tot i que el nostre Alt Tribunal sembla que va consolidant \u00e0mplia jurisprud\u00e8ncia en el sentit abans esmentat.<\/p>\n\n<p>No dubteu a <a href=\"https:\/\/www.bbsabogados.com\/cat\/oficinas\/\">contactar <\/a>amb nosaltres a trav\u00e9s del nostre formulari web, escrivint-nos a bbsabogados@bbsabogados.com o trucant al 93.760.53.77.<\/p>\n","protected":false},"excerpt":{"rendered":"<p>Els afectats per Cl\u00e0usules Terra amb pacte novatori que van signar un pacte privat amb el banc, encara poden reclamar malgrat la ren\u00fancia d&#8217;accions legals. En plena allau de demandes presentades per les &#8216;cl\u00e0usules s\u00f2l&#8217;, determinades entitats financeres van iniciar una campanya per captar els afectats que acudissin a les seves oficines. L&#8217;objectiu era signar [&hellip;]<\/p>\n","protected":false},"author":7,"featured_media":6899,"comment_status":"closed","ping_status":"closed","sticky":false,"template":"","format":"standard","meta":{"_acf_changed":false,"_monsterinsights_skip_tracking":false,"_monsterinsights_sitenote_active":false,"_monsterinsights_sitenote_note":"","_monsterinsights_sitenote_category":0,"footnotes":""},"categories":[235],"tags":[],"class_list":["post-6969","post","type-post","status-publish","format-standard","has-post-thumbnail","hentry","category-clausula-terra"],"acf":[],"yoast_head":"<!-- This site is optimized with the Yoast SEO plugin v27.2 - https:\/\/yoast.com\/product\/yoast-seo-wordpress\/ -->\n<title>Reclamar la Cl\u00e0usula S\u00f2l amb Pacte de rebaixa<\/title>\n<meta name=\"description\" content=\"Els afectats per Cl\u00e0usules S\u00f2l amb pacte novatori que van signar un pacte privat amb el banc encara poden reclamar malgrat la ren\u00fancia d&#039;accions legals\" \/>\n<meta name=\"robots\" content=\"index, follow, max-snippet:-1, max-image-preview:large, max-video-preview:-1\" \/>\n<link rel=\"canonical\" href=\"https:\/\/www.bbsabogados.com\/ca\/se-puede-reclamar-la-clausula-suelo-con-pacto-de-rebaja-del-tipo-de-interes\/\" \/>\n<meta property=\"og:locale\" content=\"ca_ES\" \/>\n<meta property=\"og:type\" content=\"article\" \/>\n<meta property=\"og:title\" content=\"Reclamar la Cl\u00e0usula S\u00f2l amb Pacte de rebaixa\" \/>\n<meta property=\"og:description\" content=\"Els afectats per Cl\u00e0usules S\u00f2l amb pacte novatori que van signar un pacte privat amb el banc encara poden reclamar malgrat la ren\u00fancia d&#039;accions legals\" \/>\n<meta property=\"og:url\" content=\"https:\/\/www.bbsabogados.com\/ca\/se-puede-reclamar-la-clausula-suelo-con-pacto-de-rebaja-del-tipo-de-interes\/\" \/>\n<meta property=\"og:site_name\" content=\"Despacho BBS Abogados\" \/>\n<meta property=\"article:publisher\" content=\"https:\/\/www.linkedin.com\/in\/arcadi-sala-planell-bbs-abogados-29a37516\/\" \/>\n<meta property=\"article:published_time\" content=\"2022-05-31T14:48:03+00:00\" \/>\n<meta property=\"article:modified_time\" content=\"2026-03-05T17:07:41+00:00\" \/>\n<meta property=\"og:image\" content=\"https:\/\/www.bbsabogados.com\/wp-content\/uploads\/2022\/05\/Clausulas-Suelo-con-Pacto-novatorio.jpg\" \/>\n\t<meta property=\"og:image:width\" content=\"638\" \/>\n\t<meta property=\"og:image:height\" content=\"402\" \/>\n\t<meta property=\"og:image:type\" content=\"image\/jpeg\" \/>\n<meta name=\"author\" content=\"BBS Abogados\" \/>\n<meta name=\"twitter:card\" content=\"summary_large_image\" \/>\n<meta name=\"twitter:creator\" content=\"@bbsabogados\" \/>\n<meta name=\"twitter:site\" content=\"@bbsabogados\" \/>\n<meta name=\"twitter:label1\" content=\"Escrit per\" \/>\n\t<meta name=\"twitter:data1\" content=\"BBS Abogados\" \/>\n\t<meta name=\"twitter:label2\" content=\"Temps estimat de lectura\" \/>\n\t<meta name=\"twitter:data2\" content=\"3 minuts\" \/>\n<script type=\"application\/ld+json\" class=\"yoast-schema-graph\">{\"@context\":\"https:\/\/schema.org\",\"@graph\":[{\"@type\":\"Article\",\"@id\":\"https:\/\/www.bbsabogados.com\/ca\/se-puede-reclamar-la-clausula-suelo-con-pacto-de-rebaja-del-tipo-de-interes\/#article\",\"isPartOf\":{\"@id\":\"https:\/\/www.bbsabogados.com\/ca\/se-puede-reclamar-la-clausula-suelo-con-pacto-de-rebaja-del-tipo-de-interes\/\"},\"author\":{\"name\":\"BBS Abogados\",\"@id\":\"https:\/\/www.bbsabogados.com\/ca\/#\/schema\/person\/c006b7c5da017b339e749edb9a6352a8\"},\"headline\":\"Podeu reclamar la Cl\u00e0usula S\u00f2l amb Pacte de rebaixa del tipus d&#8217;inter\u00e8s.\",\"datePublished\":\"2022-05-31T14:48:03+00:00\",\"dateModified\":\"2026-03-05T17:07:41+00:00\",\"mainEntityOfPage\":{\"@id\":\"https:\/\/www.bbsabogados.com\/ca\/se-puede-reclamar-la-clausula-suelo-con-pacto-de-rebaja-del-tipo-de-interes\/\"},\"wordCount\":588,\"publisher\":{\"@id\":\"https:\/\/www.bbsabogados.com\/ca\/#organization\"},\"image\":{\"@id\":\"https:\/\/www.bbsabogados.com\/ca\/se-puede-reclamar-la-clausula-suelo-con-pacto-de-rebaja-del-tipo-de-interes\/#primaryimage\"},\"thumbnailUrl\":\"https:\/\/www.bbsabogados.com\/wp-content\/uploads\/2022\/05\/Clausulas-Suelo-con-Pacto-novatorio.jpg\",\"articleSection\":[\"Cl\u00e0usula Terra\"],\"inLanguage\":\"ca\"},{\"@type\":\"WebPage\",\"@id\":\"https:\/\/www.bbsabogados.com\/ca\/se-puede-reclamar-la-clausula-suelo-con-pacto-de-rebaja-del-tipo-de-interes\/\",\"url\":\"https:\/\/www.bbsabogados.com\/ca\/se-puede-reclamar-la-clausula-suelo-con-pacto-de-rebaja-del-tipo-de-interes\/\",\"name\":\"Reclamar la Cl\u00e0usula S\u00f2l amb Pacte de rebaixa\",\"isPartOf\":{\"@id\":\"https:\/\/www.bbsabogados.com\/ca\/#website\"},\"primaryImageOfPage\":{\"@id\":\"https:\/\/www.bbsabogados.com\/ca\/se-puede-reclamar-la-clausula-suelo-con-pacto-de-rebaja-del-tipo-de-interes\/#primaryimage\"},\"image\":{\"@id\":\"https:\/\/www.bbsabogados.com\/ca\/se-puede-reclamar-la-clausula-suelo-con-pacto-de-rebaja-del-tipo-de-interes\/#primaryimage\"},\"thumbnailUrl\":\"https:\/\/www.bbsabogados.com\/wp-content\/uploads\/2022\/05\/Clausulas-Suelo-con-Pacto-novatorio.jpg\",\"datePublished\":\"2022-05-31T14:48:03+00:00\",\"dateModified\":\"2026-03-05T17:07:41+00:00\",\"description\":\"Els afectats per Cl\u00e0usules S\u00f2l amb pacte novatori que van signar un pacte privat amb el banc encara poden reclamar malgrat la ren\u00fancia d'accions legals\",\"breadcrumb\":{\"@id\":\"https:\/\/www.bbsabogados.com\/ca\/se-puede-reclamar-la-clausula-suelo-con-pacto-de-rebaja-del-tipo-de-interes\/#breadcrumb\"},\"inLanguage\":\"ca\",\"potentialAction\":[{\"@type\":\"ReadAction\",\"target\":[\"https:\/\/www.bbsabogados.com\/ca\/se-puede-reclamar-la-clausula-suelo-con-pacto-de-rebaja-del-tipo-de-interes\/\"]}]},{\"@type\":\"ImageObject\",\"inLanguage\":\"ca\",\"@id\":\"https:\/\/www.bbsabogados.com\/ca\/se-puede-reclamar-la-clausula-suelo-con-pacto-de-rebaja-del-tipo-de-interes\/#primaryimage\",\"url\":\"https:\/\/www.bbsabogados.com\/wp-content\/uploads\/2022\/05\/Clausulas-Suelo-con-Pacto-novatorio.jpg\",\"contentUrl\":\"https:\/\/www.bbsabogados.com\/wp-content\/uploads\/2022\/05\/Clausulas-Suelo-con-Pacto-novatorio.jpg\",\"width\":638,\"height\":402,\"caption\":\"Cl\u00e0usules S\u00f2l amb Pacte novatori Puc reclamar encara?\"},{\"@type\":\"BreadcrumbList\",\"@id\":\"https:\/\/www.bbsabogados.com\/ca\/se-puede-reclamar-la-clausula-suelo-con-pacto-de-rebaja-del-tipo-de-interes\/#breadcrumb\",\"itemListElement\":[{\"@type\":\"ListItem\",\"position\":1,\"name\":\"Inicio\",\"item\":\"https:\/\/www.bbsabogados.com\/ca\/\"},{\"@type\":\"ListItem\",\"position\":2,\"name\":\"Cl\u00e0usula Terra\",\"item\":\"https:\/\/www.bbsabogados.com\/ca\/categoria\/clausula-terra\/\"},{\"@type\":\"ListItem\",\"position\":3,\"name\":\"Podeu reclamar la Cl\u00e0usula S\u00f2l amb Pacte de rebaixa del tipus d&#8217;inter\u00e8s.\"}]},{\"@type\":\"WebSite\",\"@id\":\"https:\/\/www.bbsabogados.com\/ca\/#website\",\"url\":\"https:\/\/www.bbsabogados.com\/ca\/\",\"name\":\"BBS Abogados\",\"description\":\"Expertos en Derecho Bancario y Financiero\",\"publisher\":{\"@id\":\"https:\/\/www.bbsabogados.com\/ca\/#organization\"},\"potentialAction\":[{\"@type\":\"SearchAction\",\"target\":{\"@type\":\"EntryPoint\",\"urlTemplate\":\"https:\/\/www.bbsabogados.com\/ca\/?s={search_term_string}\"},\"query-input\":{\"@type\":\"PropertyValueSpecification\",\"valueRequired\":true,\"valueName\":\"search_term_string\"}}],\"inLanguage\":\"ca\"},{\"@type\":\"Organization\",\"@id\":\"https:\/\/www.bbsabogados.com\/ca\/#organization\",\"name\":\"BBS Abogados\",\"url\":\"https:\/\/www.bbsabogados.com\/ca\/\",\"logo\":{\"@type\":\"ImageObject\",\"inLanguage\":\"ca\",\"@id\":\"https:\/\/www.bbsabogados.com\/ca\/#\/schema\/logo\/image\/\",\"url\":\"https:\/\/www.bbsabogados.com\/wp-content\/uploads\/2020\/02\/LOGO_Abogados_BBS.png\",\"contentUrl\":\"https:\/\/www.bbsabogados.com\/wp-content\/uploads\/2020\/02\/LOGO_Abogados_BBS.png\",\"width\":130,\"height\":83,\"caption\":\"BBS Abogados\"},\"image\":{\"@id\":\"https:\/\/www.bbsabogados.com\/ca\/#\/schema\/logo\/image\/\"},\"sameAs\":[\"https:\/\/www.linkedin.com\/in\/arcadi-sala-planell-bbs-abogados-29a37516\/\",\"https:\/\/x.com\/bbsabogados\",\"https:\/\/www.facebook.com\/pages\/BBS-Abogados-y-Asesores-Financieros\/161040880606162\",\"https:\/\/www.instagram.com\/bbsabogados\/\"]},{\"@type\":\"Person\",\"@id\":\"https:\/\/www.bbsabogados.com\/ca\/#\/schema\/person\/c006b7c5da017b339e749edb9a6352a8\",\"name\":\"BBS Abogados\",\"image\":{\"@type\":\"ImageObject\",\"inLanguage\":\"ca\",\"@id\":\"https:\/\/secure.gravatar.com\/avatar\/513caaa45a8f1d45e0618c5424c351f781afd37c54e976a1fe51e7793ee88972?s=96&d=mm&r=g\",\"url\":\"https:\/\/secure.gravatar.com\/avatar\/513caaa45a8f1d45e0618c5424c351f781afd37c54e976a1fe51e7793ee88972?s=96&d=mm&r=g\",\"contentUrl\":\"https:\/\/secure.gravatar.com\/avatar\/513caaa45a8f1d45e0618c5424c351f781afd37c54e976a1fe51e7793ee88972?s=96&d=mm&r=g\",\"caption\":\"BBS Abogados\"}}]}<\/script>\n<!-- \/ Yoast SEO plugin. -->","yoast_head_json":{"title":"Reclamar la Cl\u00e0usula S\u00f2l amb Pacte de rebaixa","description":"Els afectats per Cl\u00e0usules S\u00f2l amb pacte novatori que van signar un pacte privat amb el banc encara poden reclamar malgrat la ren\u00fancia d'accions legals","robots":{"index":"index","follow":"follow","max-snippet":"max-snippet:-1","max-image-preview":"max-image-preview:large","max-video-preview":"max-video-preview:-1"},"canonical":"https:\/\/www.bbsabogados.com\/ca\/se-puede-reclamar-la-clausula-suelo-con-pacto-de-rebaja-del-tipo-de-interes\/","og_locale":"ca_ES","og_type":"article","og_title":"Reclamar la Cl\u00e0usula S\u00f2l amb Pacte de rebaixa","og_description":"Els afectats per Cl\u00e0usules S\u00f2l amb pacte novatori que van signar un pacte privat amb el banc encara poden reclamar malgrat la ren\u00fancia d'accions legals","og_url":"https:\/\/www.bbsabogados.com\/ca\/se-puede-reclamar-la-clausula-suelo-con-pacto-de-rebaja-del-tipo-de-interes\/","og_site_name":"Despacho BBS Abogados","article_publisher":"https:\/\/www.linkedin.com\/in\/arcadi-sala-planell-bbs-abogados-29a37516\/","article_published_time":"2022-05-31T14:48:03+00:00","article_modified_time":"2026-03-05T17:07:41+00:00","og_image":[{"width":638,"height":402,"url":"https:\/\/www.bbsabogados.com\/wp-content\/uploads\/2022\/05\/Clausulas-Suelo-con-Pacto-novatorio.jpg","type":"image\/jpeg"}],"author":"BBS Abogados","twitter_card":"summary_large_image","twitter_creator":"@bbsabogados","twitter_site":"@bbsabogados","twitter_misc":{"Escrit per":"BBS Abogados","Temps estimat de lectura":"3 minuts"},"schema":{"@context":"https:\/\/schema.org","@graph":[{"@type":"Article","@id":"https:\/\/www.bbsabogados.com\/ca\/se-puede-reclamar-la-clausula-suelo-con-pacto-de-rebaja-del-tipo-de-interes\/#article","isPartOf":{"@id":"https:\/\/www.bbsabogados.com\/ca\/se-puede-reclamar-la-clausula-suelo-con-pacto-de-rebaja-del-tipo-de-interes\/"},"author":{"name":"BBS Abogados","@id":"https:\/\/www.bbsabogados.com\/ca\/#\/schema\/person\/c006b7c5da017b339e749edb9a6352a8"},"headline":"Podeu reclamar la Cl\u00e0usula S\u00f2l amb Pacte de rebaixa del tipus d&#8217;inter\u00e8s.","datePublished":"2022-05-31T14:48:03+00:00","dateModified":"2026-03-05T17:07:41+00:00","mainEntityOfPage":{"@id":"https:\/\/www.bbsabogados.com\/ca\/se-puede-reclamar-la-clausula-suelo-con-pacto-de-rebaja-del-tipo-de-interes\/"},"wordCount":588,"publisher":{"@id":"https:\/\/www.bbsabogados.com\/ca\/#organization"},"image":{"@id":"https:\/\/www.bbsabogados.com\/ca\/se-puede-reclamar-la-clausula-suelo-con-pacto-de-rebaja-del-tipo-de-interes\/#primaryimage"},"thumbnailUrl":"https:\/\/www.bbsabogados.com\/wp-content\/uploads\/2022\/05\/Clausulas-Suelo-con-Pacto-novatorio.jpg","articleSection":["Cl\u00e0usula Terra"],"inLanguage":"ca"},{"@type":"WebPage","@id":"https:\/\/www.bbsabogados.com\/ca\/se-puede-reclamar-la-clausula-suelo-con-pacto-de-rebaja-del-tipo-de-interes\/","url":"https:\/\/www.bbsabogados.com\/ca\/se-puede-reclamar-la-clausula-suelo-con-pacto-de-rebaja-del-tipo-de-interes\/","name":"Reclamar la Cl\u00e0usula S\u00f2l amb Pacte de rebaixa","isPartOf":{"@id":"https:\/\/www.bbsabogados.com\/ca\/#website"},"primaryImageOfPage":{"@id":"https:\/\/www.bbsabogados.com\/ca\/se-puede-reclamar-la-clausula-suelo-con-pacto-de-rebaja-del-tipo-de-interes\/#primaryimage"},"image":{"@id":"https:\/\/www.bbsabogados.com\/ca\/se-puede-reclamar-la-clausula-suelo-con-pacto-de-rebaja-del-tipo-de-interes\/#primaryimage"},"thumbnailUrl":"https:\/\/www.bbsabogados.com\/wp-content\/uploads\/2022\/05\/Clausulas-Suelo-con-Pacto-novatorio.jpg","datePublished":"2022-05-31T14:48:03+00:00","dateModified":"2026-03-05T17:07:41+00:00","description":"Els afectats per Cl\u00e0usules S\u00f2l amb pacte novatori que van signar un pacte privat amb el banc encara poden reclamar malgrat la ren\u00fancia d'accions legals","breadcrumb":{"@id":"https:\/\/www.bbsabogados.com\/ca\/se-puede-reclamar-la-clausula-suelo-con-pacto-de-rebaja-del-tipo-de-interes\/#breadcrumb"},"inLanguage":"ca","potentialAction":[{"@type":"ReadAction","target":["https:\/\/www.bbsabogados.com\/ca\/se-puede-reclamar-la-clausula-suelo-con-pacto-de-rebaja-del-tipo-de-interes\/"]}]},{"@type":"ImageObject","inLanguage":"ca","@id":"https:\/\/www.bbsabogados.com\/ca\/se-puede-reclamar-la-clausula-suelo-con-pacto-de-rebaja-del-tipo-de-interes\/#primaryimage","url":"https:\/\/www.bbsabogados.com\/wp-content\/uploads\/2022\/05\/Clausulas-Suelo-con-Pacto-novatorio.jpg","contentUrl":"https:\/\/www.bbsabogados.com\/wp-content\/uploads\/2022\/05\/Clausulas-Suelo-con-Pacto-novatorio.jpg","width":638,"height":402,"caption":"Cl\u00e0usules S\u00f2l amb Pacte novatori Puc reclamar encara?"},{"@type":"BreadcrumbList","@id":"https:\/\/www.bbsabogados.com\/ca\/se-puede-reclamar-la-clausula-suelo-con-pacto-de-rebaja-del-tipo-de-interes\/#breadcrumb","itemListElement":[{"@type":"ListItem","position":1,"name":"Inicio","item":"https:\/\/www.bbsabogados.com\/ca\/"},{"@type":"ListItem","position":2,"name":"Cl\u00e0usula Terra","item":"https:\/\/www.bbsabogados.com\/ca\/categoria\/clausula-terra\/"},{"@type":"ListItem","position":3,"name":"Podeu reclamar la Cl\u00e0usula S\u00f2l amb Pacte de rebaixa del tipus d&#8217;inter\u00e8s."}]},{"@type":"WebSite","@id":"https:\/\/www.bbsabogados.com\/ca\/#website","url":"https:\/\/www.bbsabogados.com\/ca\/","name":"BBS Abogados","description":"Expertos en Derecho Bancario y Financiero","publisher":{"@id":"https:\/\/www.bbsabogados.com\/ca\/#organization"},"potentialAction":[{"@type":"SearchAction","target":{"@type":"EntryPoint","urlTemplate":"https:\/\/www.bbsabogados.com\/ca\/?s={search_term_string}"},"query-input":{"@type":"PropertyValueSpecification","valueRequired":true,"valueName":"search_term_string"}}],"inLanguage":"ca"},{"@type":"Organization","@id":"https:\/\/www.bbsabogados.com\/ca\/#organization","name":"BBS Abogados","url":"https:\/\/www.bbsabogados.com\/ca\/","logo":{"@type":"ImageObject","inLanguage":"ca","@id":"https:\/\/www.bbsabogados.com\/ca\/#\/schema\/logo\/image\/","url":"https:\/\/www.bbsabogados.com\/wp-content\/uploads\/2020\/02\/LOGO_Abogados_BBS.png","contentUrl":"https:\/\/www.bbsabogados.com\/wp-content\/uploads\/2020\/02\/LOGO_Abogados_BBS.png","width":130,"height":83,"caption":"BBS Abogados"},"image":{"@id":"https:\/\/www.bbsabogados.com\/ca\/#\/schema\/logo\/image\/"},"sameAs":["https:\/\/www.linkedin.com\/in\/arcadi-sala-planell-bbs-abogados-29a37516\/","https:\/\/x.com\/bbsabogados","https:\/\/www.facebook.com\/pages\/BBS-Abogados-y-Asesores-Financieros\/161040880606162","https:\/\/www.instagram.com\/bbsabogados\/"]},{"@type":"Person","@id":"https:\/\/www.bbsabogados.com\/ca\/#\/schema\/person\/c006b7c5da017b339e749edb9a6352a8","name":"BBS Abogados","image":{"@type":"ImageObject","inLanguage":"ca","@id":"https:\/\/secure.gravatar.com\/avatar\/513caaa45a8f1d45e0618c5424c351f781afd37c54e976a1fe51e7793ee88972?s=96&d=mm&r=g","url":"https:\/\/secure.gravatar.com\/avatar\/513caaa45a8f1d45e0618c5424c351f781afd37c54e976a1fe51e7793ee88972?s=96&d=mm&r=g","contentUrl":"https:\/\/secure.gravatar.com\/avatar\/513caaa45a8f1d45e0618c5424c351f781afd37c54e976a1fe51e7793ee88972?s=96&d=mm&r=g","caption":"BBS Abogados"}}]}},"_links":{"self":[{"href":"https:\/\/www.bbsabogados.com\/ca\/wp-json\/wp\/v2\/posts\/6969","targetHints":{"allow":["GET"]}}],"collection":[{"href":"https:\/\/www.bbsabogados.com\/ca\/wp-json\/wp\/v2\/posts"}],"about":[{"href":"https:\/\/www.bbsabogados.com\/ca\/wp-json\/wp\/v2\/types\/post"}],"author":[{"embeddable":true,"href":"https:\/\/www.bbsabogados.com\/ca\/wp-json\/wp\/v2\/users\/7"}],"replies":[{"embeddable":true,"href":"https:\/\/www.bbsabogados.com\/ca\/wp-json\/wp\/v2\/comments?post=6969"}],"version-history":[{"count":6,"href":"https:\/\/www.bbsabogados.com\/ca\/wp-json\/wp\/v2\/posts\/6969\/revisions"}],"predecessor-version":[{"id":14785,"href":"https:\/\/www.bbsabogados.com\/ca\/wp-json\/wp\/v2\/posts\/6969\/revisions\/14785"}],"wp:featuredmedia":[{"embeddable":true,"href":"https:\/\/www.bbsabogados.com\/ca\/wp-json\/wp\/v2\/media\/6899"}],"wp:attachment":[{"href":"https:\/\/www.bbsabogados.com\/ca\/wp-json\/wp\/v2\/media?parent=6969"}],"wp:term":[{"taxonomy":"category","embeddable":true,"href":"https:\/\/www.bbsabogados.com\/ca\/wp-json\/wp\/v2\/categories?post=6969"},{"taxonomy":"post_tag","embeddable":true,"href":"https:\/\/www.bbsabogados.com\/ca\/wp-json\/wp\/v2\/tags?post=6969"}],"curies":[{"name":"wp","href":"https:\/\/api.w.org\/{rel}","templated":true}]}}