{"id":7070,"date":"2022-06-17T08:39:39","date_gmt":"2022-06-17T06:39:39","guid":{"rendered":"https:\/\/www.bbsabogados.com\/lirph-i-la-tercera-questio-prejudicial-instada-davant-del-tjue\/"},"modified":"2026-03-05T17:57:18","modified_gmt":"2026-03-05T16:57:18","slug":"lirph-i-la-tercera-questio-prejudicial-instada-davant-del-tjue","status":"publish","type":"post","link":"https:\/\/www.bbsabogados.com\/ca\/lirph-i-la-tercera-questio-prejudicial-instada-davant-del-tjue\/","title":{"rendered":"L&#8217;IRPH i la tercera Q\u00fcesti\u00f3 Prejudicial instada davant del TJUE."},"content":{"rendered":"\n<h4 class=\"wp-block-heading\">Despr\u00e9s del llarg periple judicial que porta l&#8217;IRPH, i quan semblava que les coses s&#8217;estaven tornant negres per als afectats, una esperan\u00e7a nova pren llum per al consumidor. El Jutjat de Primera Inst\u00e0ncia n\u00fam. 17 de Palma de Mallorca, ha instat de nou una tercera q\u00fcesti\u00f3 prejudicial davant del TJUE.<\/h4>\n\n<p>En aquesta ocasi\u00f3, la magistrada del JPI 17 de Palma, ha redactat ni m\u00e9s ni menys que 18 preguntes al <strong><a href=\"https:\/\/curia.europa.eu\/jcms\/jcms\/j_6\/es\/\">Tribunal de Justicia de la Uni\u00f3n Europea<\/a><\/strong> (<strong><em>TJUE<\/em><\/strong>) que haurien d&#8217;aclarir d&#8217;una vegada totes les q\u00fcestions de l&#8217;IRPH.<\/p>\n\n<p>La controv\u00e8rsia va sorgir arrel d&#8217;innombrables demandes judicials que reclamaven la possibilitat d&#8217;anul\u00b7lar l&#8217;\u00edndex, com si fos una cl\u00e0usula terra, expulsant, per tant, la cl\u00e0usula del pr\u00e9stec hipotecari.<\/p>\n\n<h4 class=\"wp-block-heading\">Sobre les dues primeres Q\u00fcestions Prejudicials davant del TJUE.<\/h4>\n\n<p>Recordem que el recorregut judicial de l&#8217;\u00edndex IRPH de les Hipoteques va comen\u00e7ar ja fa uns quants anys. Es va interposar una primera q\u00fcesti\u00f3 davant del TJUE, en qu\u00e8 s&#8217;instava perqu\u00e8 manifest\u00e9s si l&#8217;\u00edndex IRPH podria estar subjecte a les normes de transpar\u00e8ncia en mat\u00e8ria de cl\u00e0usules abusives.<\/p>\n\n<p>Recordem que el recorregut judicial de l&#8217;\u00edndex IRPH de les Hipoteques va comen\u00e7ar ja fa uns quants anys. Es va interposar una primera q\u00fcesti\u00f3 davant del TJUE, en qu\u00e8 s&#8217;instava perqu\u00e8 manifest\u00e9s si l&#8217;\u00edndex IRPH podria estar subjecte a les normes de transpar\u00e8ncia en mat\u00e8ria de cl\u00e0usules abusives. En aquesta primera q\u00fcesti\u00f3, el TJUE va manifestar en una esperad\u00edssima Sent\u00e8ncia de 3 DE MAR\u00c7 DE 2020, el Tribunal de Just\u00edcia de la Uni\u00f3 Europea (TJUE), dictaminant finalment, la possibilitat que aquest sigui declarat abusiu.<\/p>\n\n<p>La sent\u00e8ncia, va contradir el que estipula el nostre Tribunal Suprem, que, en la seva sent\u00e8ncia de 14 de desembre de 2017, va entendre que la mera refer\u00e8ncia a aquest \u00edndex (IRPH) no implicava una falta de transpar\u00e8ncia. Com que es considerava part essencial del contracte, i pactada entre les parts amb plena consci\u00e8ncia.<\/p>\n\n<p>Des de llavors les sent\u00e8ncies han continuat sent contradict\u00f2ries. No es va estipular b\u00e9 quines haurien de ser les conseq\u00fc\u00e8ncies d&#8217;una eventual nul\u00b7litat de l&#8217;IRPH.<\/p>\n\n<h4 class=\"wp-block-heading\"><strong>Tercera Q\u00fcesti\u00f3 Prejudicial.<\/strong><\/h4>\n\n<p>En aquesta darrera ocasi\u00f3, i despr\u00e9s d&#8217;haver existit fins i tot una segona q\u00fcesti\u00f3 prejudicial respecte a l&#8217;IRPH, el Jutjat de Primera Inst\u00e0ncia 17 de Palma de Mallorca pregunta de nou 18 q\u00fcestions al TJUE. Es demana a m\u00e9s claredat i contund\u00e8ncia a les respostes. Aix\u00f2 despr\u00e9s de 2 q\u00fcestions pr\u00e8vies que no han aconseguit aclarir aquest assumpte de manera unit\u00e0ria.<\/p>\n\n<p>La magistrada sost\u00e9 que s&#8217;ha d&#8217;interposar aquesta 3a Q\u00fcesti\u00f3 Prejudicial, per dos motius:<\/p>\n\n<ul class=\"wp-block-list\"><li>La necessitat urgent i imperiosa d&#8217;analitzar si la pr\u00e0ctica banc\u00e0ria ja detallada \u00e9s deslleial i va en contra de la Directiva 2005\/29. I aix\u00ed evitar que se succeeixin pronunciaments \u201ccontradictoris (\u2026) que provoquin un greu i irreparable dany als consumidors afectats\u201d.<\/li><\/ul>\n\n<ul class=\"wp-block-list\"><li>Per \u201cinseguretat jur\u00eddica\u201d que s&#8217;est\u00e0 donant.<\/li><\/ul>\n\n<p>I \u00e9s que es tracta de la cl\u00e0usula amb m\u00e9s contingut econ\u00f2mic de les que fins ara s&#8217;han declarat abusives.<\/p>\n\n<p>Recordem que a <strong>BBS Advocats vam ser pioners<\/strong> <strong>(vam aconseguir Sent\u00e8ncia favorable ja el 2015, de les primeres a Espanya)<\/strong> en aquesta mat\u00e8ria. Estem en espera de resoluci\u00f3 del Suprem que finalment acabi asseient jurisprud\u00e8ncia ferma sobre aquest assumpte.<\/p>\n\n<p>Si teniu dubtes sobre el vostre cas particular, valorarem el vostre cas concret i possibilitats d&#8217;\u00e8xit.<\/p>\n\n<p>No dubti a <a href=\"https:\/\/www.bbsabogados.com\/ca\/oficines\/\"><strong>contacta amb nosaltres<\/strong><\/a> <span class=\"hiddenGrammarError\">mitjan\u00e7ant<\/span> el nostre formulari web, escribint a <strong><em>bbsabogados@bbsabogados.com<\/em><\/strong> o trucant al 93.760.53.77.<\/p>\n","protected":false},"excerpt":{"rendered":"<p>Despr\u00e9s del llarg periple judicial que porta l&#8217;IRPH, i quan semblava que les coses s&#8217;estaven tornant negres per als afectats, una esperan\u00e7a nova pren llum per al consumidor. El Jutjat de Primera Inst\u00e0ncia n\u00fam. 17 de Palma de Mallorca, ha instat de nou una tercera q\u00fcesti\u00f3 prejudicial davant del TJUE. En aquesta ocasi\u00f3, la magistrada [&hellip;]<\/p>\n","protected":false},"author":7,"featured_media":3680,"comment_status":"closed","ping_status":"closed","sticky":false,"template":"","format":"standard","meta":{"_acf_changed":false,"_monsterinsights_skip_tracking":false,"_monsterinsights_sitenote_active":false,"_monsterinsights_sitenote_note":"","_monsterinsights_sitenote_category":0,"footnotes":""},"categories":[282],"tags":[],"class_list":["post-7070","post","type-post","status-publish","format-standard","has-post-thumbnail","hentry","category-irph-ca"],"acf":[],"yoast_head":"<!-- This site is optimized with the Yoast SEO plugin v27.2 - https:\/\/yoast.com\/product\/yoast-seo-wordpress\/ -->\n<title>IRPH tercera q\u00fcesti\u00f3 prejudicial davant el TJUE<\/title>\n<meta name=\"description\" content=\"El Jutjat de Primera Inst\u00e0ncia n\u00fam. 17 de Palma de Mallorca, ha instat de nou una tercera q\u00fcesti\u00f3 prejudicial davant del TJUE.\" \/>\n<meta name=\"robots\" content=\"index, follow, max-snippet:-1, max-image-preview:large, max-video-preview:-1\" \/>\n<link rel=\"canonical\" href=\"https:\/\/www.bbsabogados.com\/ca\/lirph-i-la-tercera-questio-prejudicial-instada-davant-del-tjue\/\" \/>\n<meta property=\"og:locale\" content=\"ca_ES\" \/>\n<meta property=\"og:type\" content=\"article\" \/>\n<meta property=\"og:title\" content=\"IRPH tercera q\u00fcesti\u00f3 prejudicial davant el TJUE\" \/>\n<meta property=\"og:description\" content=\"El Jutjat de Primera Inst\u00e0ncia n\u00fam. 17 de Palma de Mallorca, ha instat de nou una tercera q\u00fcesti\u00f3 prejudicial davant del TJUE.\" \/>\n<meta property=\"og:url\" content=\"https:\/\/www.bbsabogados.com\/ca\/lirph-i-la-tercera-questio-prejudicial-instada-davant-del-tjue\/\" \/>\n<meta property=\"og:site_name\" content=\"Despacho BBS Abogados\" \/>\n<meta property=\"article:publisher\" content=\"https:\/\/www.linkedin.com\/in\/arcadi-sala-planell-bbs-abogados-29a37516\/\" \/>\n<meta property=\"article:published_time\" content=\"2022-06-17T06:39:39+00:00\" \/>\n<meta property=\"article:modified_time\" content=\"2026-03-05T16:57:18+00:00\" \/>\n<meta property=\"og:image\" content=\"https:\/\/www.bbsabogados.com\/wp-content\/uploads\/2020\/06\/general_blogs3.jpg\" \/>\n\t<meta property=\"og:image:width\" content=\"450\" \/>\n\t<meta property=\"og:image:height\" content=\"300\" \/>\n\t<meta property=\"og:image:type\" content=\"image\/jpeg\" \/>\n<meta name=\"author\" content=\"BBS Abogados\" \/>\n<meta name=\"twitter:card\" content=\"summary_large_image\" \/>\n<meta name=\"twitter:creator\" content=\"@bbsabogados\" \/>\n<meta name=\"twitter:site\" content=\"@bbsabogados\" \/>\n<meta name=\"twitter:label1\" content=\"Escrit per\" \/>\n\t<meta name=\"twitter:data1\" content=\"BBS Abogados\" \/>\n\t<meta name=\"twitter:label2\" content=\"Temps estimat de lectura\" \/>\n\t<meta name=\"twitter:data2\" content=\"3 minuts\" \/>\n<script type=\"application\/ld+json\" class=\"yoast-schema-graph\">{\"@context\":\"https:\/\/schema.org\",\"@graph\":[{\"@type\":\"Article\",\"@id\":\"https:\/\/www.bbsabogados.com\/ca\/lirph-i-la-tercera-questio-prejudicial-instada-davant-del-tjue\/#article\",\"isPartOf\":{\"@id\":\"https:\/\/www.bbsabogados.com\/ca\/lirph-i-la-tercera-questio-prejudicial-instada-davant-del-tjue\/\"},\"author\":{\"name\":\"BBS Abogados\",\"@id\":\"https:\/\/www.bbsabogados.com\/ca\/#\/schema\/person\/c006b7c5da017b339e749edb9a6352a8\"},\"headline\":\"L&#8217;IRPH i la tercera Q\u00fcesti\u00f3 Prejudicial instada davant del TJUE.\",\"datePublished\":\"2022-06-17T06:39:39+00:00\",\"dateModified\":\"2026-03-05T16:57:18+00:00\",\"mainEntityOfPage\":{\"@id\":\"https:\/\/www.bbsabogados.com\/ca\/lirph-i-la-tercera-questio-prejudicial-instada-davant-del-tjue\/\"},\"wordCount\":638,\"publisher\":{\"@id\":\"https:\/\/www.bbsabogados.com\/ca\/#organization\"},\"image\":{\"@id\":\"https:\/\/www.bbsabogados.com\/ca\/lirph-i-la-tercera-questio-prejudicial-instada-davant-del-tjue\/#primaryimage\"},\"thumbnailUrl\":\"https:\/\/www.bbsabogados.com\/wp-content\/uploads\/2020\/11\/tjue.jpg\",\"articleSection\":[\"IRPH\"],\"inLanguage\":\"ca\"},{\"@type\":\"WebPage\",\"@id\":\"https:\/\/www.bbsabogados.com\/ca\/lirph-i-la-tercera-questio-prejudicial-instada-davant-del-tjue\/\",\"url\":\"https:\/\/www.bbsabogados.com\/ca\/lirph-i-la-tercera-questio-prejudicial-instada-davant-del-tjue\/\",\"name\":\"IRPH tercera q\u00fcesti\u00f3 prejudicial davant el TJUE\",\"isPartOf\":{\"@id\":\"https:\/\/www.bbsabogados.com\/ca\/#website\"},\"primaryImageOfPage\":{\"@id\":\"https:\/\/www.bbsabogados.com\/ca\/lirph-i-la-tercera-questio-prejudicial-instada-davant-del-tjue\/#primaryimage\"},\"image\":{\"@id\":\"https:\/\/www.bbsabogados.com\/ca\/lirph-i-la-tercera-questio-prejudicial-instada-davant-del-tjue\/#primaryimage\"},\"thumbnailUrl\":\"https:\/\/www.bbsabogados.com\/wp-content\/uploads\/2020\/11\/tjue.jpg\",\"datePublished\":\"2022-06-17T06:39:39+00:00\",\"dateModified\":\"2026-03-05T16:57:18+00:00\",\"description\":\"El Jutjat de Primera Inst\u00e0ncia n\u00fam. 17 de Palma de Mallorca, ha instat de nou una tercera q\u00fcesti\u00f3 prejudicial davant del TJUE.\",\"breadcrumb\":{\"@id\":\"https:\/\/www.bbsabogados.com\/ca\/lirph-i-la-tercera-questio-prejudicial-instada-davant-del-tjue\/#breadcrumb\"},\"inLanguage\":\"ca\",\"potentialAction\":[{\"@type\":\"ReadAction\",\"target\":[\"https:\/\/www.bbsabogados.com\/ca\/lirph-i-la-tercera-questio-prejudicial-instada-davant-del-tjue\/\"]}]},{\"@type\":\"ImageObject\",\"inLanguage\":\"ca\",\"@id\":\"https:\/\/www.bbsabogados.com\/ca\/lirph-i-la-tercera-questio-prejudicial-instada-davant-del-tjue\/#primaryimage\",\"url\":\"https:\/\/www.bbsabogados.com\/wp-content\/uploads\/2020\/11\/tjue.jpg\",\"contentUrl\":\"https:\/\/www.bbsabogados.com\/wp-content\/uploads\/2020\/11\/tjue.jpg\",\"width\":720,\"height\":402,\"caption\":\"IRPH indice Hipotecastercera cuesti\u00f3n prejudicial ante el TJUE\"},{\"@type\":\"BreadcrumbList\",\"@id\":\"https:\/\/www.bbsabogados.com\/ca\/lirph-i-la-tercera-questio-prejudicial-instada-davant-del-tjue\/#breadcrumb\",\"itemListElement\":[{\"@type\":\"ListItem\",\"position\":1,\"name\":\"Inicio\",\"item\":\"https:\/\/www.bbsabogados.com\/ca\/\"},{\"@type\":\"ListItem\",\"position\":2,\"name\":\"IRPH\",\"item\":\"https:\/\/www.bbsabogados.com\/ca\/categoria\/irph-ca\/\"},{\"@type\":\"ListItem\",\"position\":3,\"name\":\"L&#8217;IRPH i la tercera Q\u00fcesti\u00f3 Prejudicial instada davant del TJUE.\"}]},{\"@type\":\"WebSite\",\"@id\":\"https:\/\/www.bbsabogados.com\/ca\/#website\",\"url\":\"https:\/\/www.bbsabogados.com\/ca\/\",\"name\":\"BBS Abogados\",\"description\":\"Expertos en Derecho Bancario y Financiero\",\"publisher\":{\"@id\":\"https:\/\/www.bbsabogados.com\/ca\/#organization\"},\"potentialAction\":[{\"@type\":\"SearchAction\",\"target\":{\"@type\":\"EntryPoint\",\"urlTemplate\":\"https:\/\/www.bbsabogados.com\/ca\/?s={search_term_string}\"},\"query-input\":{\"@type\":\"PropertyValueSpecification\",\"valueRequired\":true,\"valueName\":\"search_term_string\"}}],\"inLanguage\":\"ca\"},{\"@type\":\"Organization\",\"@id\":\"https:\/\/www.bbsabogados.com\/ca\/#organization\",\"name\":\"BBS Abogados\",\"url\":\"https:\/\/www.bbsabogados.com\/ca\/\",\"logo\":{\"@type\":\"ImageObject\",\"inLanguage\":\"ca\",\"@id\":\"https:\/\/www.bbsabogados.com\/ca\/#\/schema\/logo\/image\/\",\"url\":\"https:\/\/www.bbsabogados.com\/wp-content\/uploads\/2020\/02\/LOGO_Abogados_BBS.png\",\"contentUrl\":\"https:\/\/www.bbsabogados.com\/wp-content\/uploads\/2020\/02\/LOGO_Abogados_BBS.png\",\"width\":130,\"height\":83,\"caption\":\"BBS Abogados\"},\"image\":{\"@id\":\"https:\/\/www.bbsabogados.com\/ca\/#\/schema\/logo\/image\/\"},\"sameAs\":[\"https:\/\/www.linkedin.com\/in\/arcadi-sala-planell-bbs-abogados-29a37516\/\",\"https:\/\/x.com\/bbsabogados\",\"https:\/\/www.facebook.com\/pages\/BBS-Abogados-y-Asesores-Financieros\/161040880606162\",\"https:\/\/www.instagram.com\/bbsabogados\/\"]},{\"@type\":\"Person\",\"@id\":\"https:\/\/www.bbsabogados.com\/ca\/#\/schema\/person\/c006b7c5da017b339e749edb9a6352a8\",\"name\":\"BBS Abogados\",\"image\":{\"@type\":\"ImageObject\",\"inLanguage\":\"ca\",\"@id\":\"https:\/\/secure.gravatar.com\/avatar\/513caaa45a8f1d45e0618c5424c351f781afd37c54e976a1fe51e7793ee88972?s=96&d=mm&r=g\",\"url\":\"https:\/\/secure.gravatar.com\/avatar\/513caaa45a8f1d45e0618c5424c351f781afd37c54e976a1fe51e7793ee88972?s=96&d=mm&r=g\",\"contentUrl\":\"https:\/\/secure.gravatar.com\/avatar\/513caaa45a8f1d45e0618c5424c351f781afd37c54e976a1fe51e7793ee88972?s=96&d=mm&r=g\",\"caption\":\"BBS Abogados\"}}]}<\/script>\n<!-- \/ Yoast SEO plugin. -->","yoast_head_json":{"title":"IRPH tercera q\u00fcesti\u00f3 prejudicial davant el TJUE","description":"El Jutjat de Primera Inst\u00e0ncia n\u00fam. 17 de Palma de Mallorca, ha instat de nou una tercera q\u00fcesti\u00f3 prejudicial davant del TJUE.","robots":{"index":"index","follow":"follow","max-snippet":"max-snippet:-1","max-image-preview":"max-image-preview:large","max-video-preview":"max-video-preview:-1"},"canonical":"https:\/\/www.bbsabogados.com\/ca\/lirph-i-la-tercera-questio-prejudicial-instada-davant-del-tjue\/","og_locale":"ca_ES","og_type":"article","og_title":"IRPH tercera q\u00fcesti\u00f3 prejudicial davant el TJUE","og_description":"El Jutjat de Primera Inst\u00e0ncia n\u00fam. 17 de Palma de Mallorca, ha instat de nou una tercera q\u00fcesti\u00f3 prejudicial davant del TJUE.","og_url":"https:\/\/www.bbsabogados.com\/ca\/lirph-i-la-tercera-questio-prejudicial-instada-davant-del-tjue\/","og_site_name":"Despacho BBS Abogados","article_publisher":"https:\/\/www.linkedin.com\/in\/arcadi-sala-planell-bbs-abogados-29a37516\/","article_published_time":"2022-06-17T06:39:39+00:00","article_modified_time":"2026-03-05T16:57:18+00:00","og_image":[{"width":450,"height":300,"url":"https:\/\/www.bbsabogados.com\/wp-content\/uploads\/2020\/06\/general_blogs3.jpg","type":"image\/jpeg"}],"author":"BBS Abogados","twitter_card":"summary_large_image","twitter_creator":"@bbsabogados","twitter_site":"@bbsabogados","twitter_misc":{"Escrit per":"BBS Abogados","Temps estimat de lectura":"3 minuts"},"schema":{"@context":"https:\/\/schema.org","@graph":[{"@type":"Article","@id":"https:\/\/www.bbsabogados.com\/ca\/lirph-i-la-tercera-questio-prejudicial-instada-davant-del-tjue\/#article","isPartOf":{"@id":"https:\/\/www.bbsabogados.com\/ca\/lirph-i-la-tercera-questio-prejudicial-instada-davant-del-tjue\/"},"author":{"name":"BBS Abogados","@id":"https:\/\/www.bbsabogados.com\/ca\/#\/schema\/person\/c006b7c5da017b339e749edb9a6352a8"},"headline":"L&#8217;IRPH i la tercera Q\u00fcesti\u00f3 Prejudicial instada davant del TJUE.","datePublished":"2022-06-17T06:39:39+00:00","dateModified":"2026-03-05T16:57:18+00:00","mainEntityOfPage":{"@id":"https:\/\/www.bbsabogados.com\/ca\/lirph-i-la-tercera-questio-prejudicial-instada-davant-del-tjue\/"},"wordCount":638,"publisher":{"@id":"https:\/\/www.bbsabogados.com\/ca\/#organization"},"image":{"@id":"https:\/\/www.bbsabogados.com\/ca\/lirph-i-la-tercera-questio-prejudicial-instada-davant-del-tjue\/#primaryimage"},"thumbnailUrl":"https:\/\/www.bbsabogados.com\/wp-content\/uploads\/2020\/11\/tjue.jpg","articleSection":["IRPH"],"inLanguage":"ca"},{"@type":"WebPage","@id":"https:\/\/www.bbsabogados.com\/ca\/lirph-i-la-tercera-questio-prejudicial-instada-davant-del-tjue\/","url":"https:\/\/www.bbsabogados.com\/ca\/lirph-i-la-tercera-questio-prejudicial-instada-davant-del-tjue\/","name":"IRPH tercera q\u00fcesti\u00f3 prejudicial davant el TJUE","isPartOf":{"@id":"https:\/\/www.bbsabogados.com\/ca\/#website"},"primaryImageOfPage":{"@id":"https:\/\/www.bbsabogados.com\/ca\/lirph-i-la-tercera-questio-prejudicial-instada-davant-del-tjue\/#primaryimage"},"image":{"@id":"https:\/\/www.bbsabogados.com\/ca\/lirph-i-la-tercera-questio-prejudicial-instada-davant-del-tjue\/#primaryimage"},"thumbnailUrl":"https:\/\/www.bbsabogados.com\/wp-content\/uploads\/2020\/11\/tjue.jpg","datePublished":"2022-06-17T06:39:39+00:00","dateModified":"2026-03-05T16:57:18+00:00","description":"El Jutjat de Primera Inst\u00e0ncia n\u00fam. 17 de Palma de Mallorca, ha instat de nou una tercera q\u00fcesti\u00f3 prejudicial davant del TJUE.","breadcrumb":{"@id":"https:\/\/www.bbsabogados.com\/ca\/lirph-i-la-tercera-questio-prejudicial-instada-davant-del-tjue\/#breadcrumb"},"inLanguage":"ca","potentialAction":[{"@type":"ReadAction","target":["https:\/\/www.bbsabogados.com\/ca\/lirph-i-la-tercera-questio-prejudicial-instada-davant-del-tjue\/"]}]},{"@type":"ImageObject","inLanguage":"ca","@id":"https:\/\/www.bbsabogados.com\/ca\/lirph-i-la-tercera-questio-prejudicial-instada-davant-del-tjue\/#primaryimage","url":"https:\/\/www.bbsabogados.com\/wp-content\/uploads\/2020\/11\/tjue.jpg","contentUrl":"https:\/\/www.bbsabogados.com\/wp-content\/uploads\/2020\/11\/tjue.jpg","width":720,"height":402,"caption":"IRPH indice Hipotecastercera cuesti\u00f3n prejudicial ante el TJUE"},{"@type":"BreadcrumbList","@id":"https:\/\/www.bbsabogados.com\/ca\/lirph-i-la-tercera-questio-prejudicial-instada-davant-del-tjue\/#breadcrumb","itemListElement":[{"@type":"ListItem","position":1,"name":"Inicio","item":"https:\/\/www.bbsabogados.com\/ca\/"},{"@type":"ListItem","position":2,"name":"IRPH","item":"https:\/\/www.bbsabogados.com\/ca\/categoria\/irph-ca\/"},{"@type":"ListItem","position":3,"name":"L&#8217;IRPH i la tercera Q\u00fcesti\u00f3 Prejudicial instada davant del TJUE."}]},{"@type":"WebSite","@id":"https:\/\/www.bbsabogados.com\/ca\/#website","url":"https:\/\/www.bbsabogados.com\/ca\/","name":"BBS Abogados","description":"Expertos en Derecho Bancario y Financiero","publisher":{"@id":"https:\/\/www.bbsabogados.com\/ca\/#organization"},"potentialAction":[{"@type":"SearchAction","target":{"@type":"EntryPoint","urlTemplate":"https:\/\/www.bbsabogados.com\/ca\/?s={search_term_string}"},"query-input":{"@type":"PropertyValueSpecification","valueRequired":true,"valueName":"search_term_string"}}],"inLanguage":"ca"},{"@type":"Organization","@id":"https:\/\/www.bbsabogados.com\/ca\/#organization","name":"BBS Abogados","url":"https:\/\/www.bbsabogados.com\/ca\/","logo":{"@type":"ImageObject","inLanguage":"ca","@id":"https:\/\/www.bbsabogados.com\/ca\/#\/schema\/logo\/image\/","url":"https:\/\/www.bbsabogados.com\/wp-content\/uploads\/2020\/02\/LOGO_Abogados_BBS.png","contentUrl":"https:\/\/www.bbsabogados.com\/wp-content\/uploads\/2020\/02\/LOGO_Abogados_BBS.png","width":130,"height":83,"caption":"BBS Abogados"},"image":{"@id":"https:\/\/www.bbsabogados.com\/ca\/#\/schema\/logo\/image\/"},"sameAs":["https:\/\/www.linkedin.com\/in\/arcadi-sala-planell-bbs-abogados-29a37516\/","https:\/\/x.com\/bbsabogados","https:\/\/www.facebook.com\/pages\/BBS-Abogados-y-Asesores-Financieros\/161040880606162","https:\/\/www.instagram.com\/bbsabogados\/"]},{"@type":"Person","@id":"https:\/\/www.bbsabogados.com\/ca\/#\/schema\/person\/c006b7c5da017b339e749edb9a6352a8","name":"BBS Abogados","image":{"@type":"ImageObject","inLanguage":"ca","@id":"https:\/\/secure.gravatar.com\/avatar\/513caaa45a8f1d45e0618c5424c351f781afd37c54e976a1fe51e7793ee88972?s=96&d=mm&r=g","url":"https:\/\/secure.gravatar.com\/avatar\/513caaa45a8f1d45e0618c5424c351f781afd37c54e976a1fe51e7793ee88972?s=96&d=mm&r=g","contentUrl":"https:\/\/secure.gravatar.com\/avatar\/513caaa45a8f1d45e0618c5424c351f781afd37c54e976a1fe51e7793ee88972?s=96&d=mm&r=g","caption":"BBS Abogados"}}]}},"_links":{"self":[{"href":"https:\/\/www.bbsabogados.com\/ca\/wp-json\/wp\/v2\/posts\/7070","targetHints":{"allow":["GET"]}}],"collection":[{"href":"https:\/\/www.bbsabogados.com\/ca\/wp-json\/wp\/v2\/posts"}],"about":[{"href":"https:\/\/www.bbsabogados.com\/ca\/wp-json\/wp\/v2\/types\/post"}],"author":[{"embeddable":true,"href":"https:\/\/www.bbsabogados.com\/ca\/wp-json\/wp\/v2\/users\/7"}],"replies":[{"embeddable":true,"href":"https:\/\/www.bbsabogados.com\/ca\/wp-json\/wp\/v2\/comments?post=7070"}],"version-history":[{"count":2,"href":"https:\/\/www.bbsabogados.com\/ca\/wp-json\/wp\/v2\/posts\/7070\/revisions"}],"predecessor-version":[{"id":14772,"href":"https:\/\/www.bbsabogados.com\/ca\/wp-json\/wp\/v2\/posts\/7070\/revisions\/14772"}],"wp:featuredmedia":[{"embeddable":true,"href":"https:\/\/www.bbsabogados.com\/ca\/wp-json\/wp\/v2\/media\/3680"}],"wp:attachment":[{"href":"https:\/\/www.bbsabogados.com\/ca\/wp-json\/wp\/v2\/media?parent=7070"}],"wp:term":[{"taxonomy":"category","embeddable":true,"href":"https:\/\/www.bbsabogados.com\/ca\/wp-json\/wp\/v2\/categories?post=7070"},{"taxonomy":"post_tag","embeddable":true,"href":"https:\/\/www.bbsabogados.com\/ca\/wp-json\/wp\/v2\/tags?post=7070"}],"curies":[{"name":"wp","href":"https:\/\/api.w.org\/{rel}","templated":true}]}}