{"id":7623,"date":"2022-12-23T08:23:14","date_gmt":"2022-12-23T07:23:14","guid":{"rendered":"https:\/\/www.bbsabogados.com\/la-renuncia-a-reclamar-la-clausula-sol-no-es-valida\/"},"modified":"2026-03-05T19:15:23","modified_gmt":"2026-03-05T18:15:23","slug":"la-renuncia-a-reclamar-la-clausula-sol-no-es-valida","status":"publish","type":"post","link":"https:\/\/www.bbsabogados.com\/ca\/la-renuncia-a-reclamar-la-clausula-sol-no-es-valida\/","title":{"rendered":"La ren\u00fancia a reclamar la Cl\u00e0usula S\u00f2l no \u00e9s v\u00e0lida."},"content":{"rendered":"\n<h3 class=\"wp-block-heading\">La Audiencia de Barcelona cambia su criterio y afirma que la renuncia a reclamar la Cl\u00e1usula Suelo no es v\u00e1lida<\/h3>\n\n\n\n<p>Cuando se dictaron las primeras sentencias del Tribunal Supremo anulando las cl\u00e1usulas suelos, muchos bancos se apresuraron a firmar acuerdos con los consumidores. En particular, se ofrecieron a los clientes acuerdos de rebaja de la cl\u00e1usula suelo, pero a cambio de no reclamar lo pagado de m\u00e1s. <strong>Los clientes que firmaron un acuerdo de renuncia, ahora se preguntan si <\/strong>la renuncia a reclamar la Cl\u00e1usula Suelo es, o no, v\u00e1lida<\/p>\n\n\n\n<p>A pesar de que el Tribunal Supremo ha dejado claro que las renuncias de acciones en este caso no son v\u00e1lidas, la Audiencia Provincial de Barcelona no segu\u00eda este criterio. <\/p>\n\n\n\n<p>Sin embargo, ahora la Audiencia ha reconocido que su posici\u00f3n no encajaba con la del Supremo, y ha reconocido que<strong> la renuncia a reclamar la Cl\u00e1usula Suelo no es v\u00e1lida.<\/strong> <\/p>\n\n\n\n<h4 class=\"wp-block-heading\"><strong>Criterio anterior de la Audiencia Provincial de Barcelona: <\/strong><\/h4>\n\n\n\n<p>Hasta ahora, la AP de Barcelona sosten\u00eda que los acuerdos sobre cl\u00e1usula suelo eran v\u00e1lidos, aunque ten\u00edan que cumplir los <strong>requisitos de transparencia <\/strong>previstos en la normativa de consumidores. De hecho este era el criterio anterior del Tribunal Supremo (p.e: <a aria-label=\"undefined (abre en una nueva pesta\u00f1a)\" href=\"https:\/\/app.vlex.com\/#vid\/708914161\" target=\"_blank\" rel=\"noreferrer noopener\">STS de 205\/2018, de 11 de abril<\/a>).<\/p>\n\n\n\n<p>Respecto la renuncia de acciones, la Audiencia entend\u00eda que eran v\u00e1lidas <strong>siempre que no fueran gen\u00e9ricas.<\/strong> Es decir, la renuncia no pod\u00eda abarcar cuestiones ajenas a la transacci\u00f3n.<\/p>\n\n\n\n<h4 class=\"wp-block-heading\"><strong>Criterio actual: La renuncia a reclamar la Cl\u00e1usula Suelo no es v\u00e1lida<\/strong>.<\/h4>\n\n\n\n<p>La reciente sentencia de la AP de Barcelona, establece que<strong> la renuncia de acciones no es v\u00e1lida<\/strong> en dos casos:<\/p>\n\n\n\n<ol class=\"wp-block-list\"><li><strong>Si es un renuncia gen\u00e9rica. <\/strong>Es decir, si se extiende a cuestiones distintas a la controversia que motiva la transacci\u00f3n.<\/li><li><strong>Si es una renuncia concreta<\/strong>, <strong>en caso de que no se pusiera a  disposici\u00f3n del consumidor toda la informaci\u00f3n necesaria para que fuera consciente de las cantidades a las que estaba renunciando.<\/strong> Es decir, el banco ten\u00eda que informar al cliente de las consecuencias econ\u00f3micas y jur\u00eddicas de la renuncia. Adem\u00e1s, la entidad deb\u00eda poner a disposici\u00f3n del prestatario todos los datos para permitir al cliente realizar un c\u00e1lculo estimativo de las cantidades que podr\u00eda reclamar por la cl\u00e1usula suelo. <\/li><\/ol>\n\n\n\n<p><\/p>\n\n\n\n<p>Esta sentencia de la Audiencia de Barcelona sigue el criterio actual del Tribunal Supremo (<a href=\"https:\/\/app.vlex.com\/#vid\/906276664\" target=\"_blank\" aria-label=\"undefined (abre en una nueva pesta\u00f1a)\" rel=\"noreferrer noopener\">p.e STS 468\/2022, de 6 de junio)<\/a>.<\/p>\n\n\n\n<p>En definitiva, en la pr\u00e1ctica, todos los clientes que hayan llegado a un acuerdo con el banco podr\u00e1s reclamar. El motivo es que los bancos nunca informaban a los clientes del dinero al que renunciaban firmando ese acuerdo. Por tanto, la renuncia a reclamar la Cl\u00e1usula Suelo no es v\u00e1lida. <\/p>\n\n\n\n<h4 class=\"wp-block-heading\"><strong>BBS Abogados, despacho especializado en Cl\u00e1usulas Suelo.<\/strong><\/h4>\n\n\n\n<p>En&nbsp;<strong><a href=\"https:\/\/www.bbsabogados.com\/bbs\/la-firma\/\" target=\"_blank\" rel=\"noreferrer noopener\">BBS Abogados<\/a>, despacho especializado en<\/strong> <strong>Cl\u00e1usulas Suelo,<\/strong> le ofrecemos un asesoramiento integral e individualizado para <strong>reclamar la cl\u00e1usula suelo aunque haya llegado a un acuerdo de renuncia con el banco,<\/strong> ya sea usted un particular, un aut\u00f3nomo, o una empresa. Puede&nbsp;<a href=\"https:\/\/www.bbsabogados.com\/ca\/oficines\/\" target=\"_blank\" rel=\"noreferrer noopener\">contactar con nosotros&nbsp;<\/a>escribi\u00e9ndonos a bbsabogados@bbsabogados.com o llamando al 93 760 53 77.<\/p>\n","protected":false},"excerpt":{"rendered":"<p>La Audiencia de Barcelona cambia su criterio y afirma que la renuncia a reclamar la Cl\u00e1usula Suelo no es v\u00e1lida Cuando se dictaron las primeras sentencias del Tribunal Supremo anulando las cl\u00e1usulas suelos, muchos bancos se apresuraron a firmar acuerdos con los consumidores. En particular, se ofrecieron a los clientes acuerdos de rebaja de la [&hellip;]<\/p>\n","protected":false},"author":3,"featured_media":7459,"comment_status":"closed","ping_status":"closed","sticky":false,"template":"","format":"standard","meta":{"_acf_changed":false,"_monsterinsights_skip_tracking":false,"_monsterinsights_sitenote_active":false,"_monsterinsights_sitenote_note":"","_monsterinsights_sitenote_category":0,"footnotes":""},"categories":[235],"tags":[],"class_list":["post-7623","post","type-post","status-publish","format-standard","has-post-thumbnail","hentry","category-clausula-terra"],"acf":[],"yoast_head":"<!-- This site is optimized with the Yoast SEO plugin v27.2 - https:\/\/yoast.com\/product\/yoast-seo-wordpress\/ -->\n<title>La ren\u00fancia a reclamar la Cl\u00e0usula S\u00f2l no \u00e9s v\u00e0lida.<\/title>\n<meta name=\"description\" content=\"La ren\u00fancia a reclamar la Cl\u00e0usula S\u00f2l no \u00e9s v\u00e0lida. Acord de rebaixa cl\u00e0usula terra. Advocats especialitzats en Cl\u00e0usula S\u00f2l.\" \/>\n<meta name=\"robots\" content=\"index, follow, max-snippet:-1, max-image-preview:large, max-video-preview:-1\" \/>\n<link rel=\"canonical\" href=\"https:\/\/www.bbsabogados.com\/ca\/la-renuncia-a-reclamar-la-clausula-sol-no-es-valida\/\" \/>\n<meta property=\"og:locale\" content=\"ca_ES\" \/>\n<meta property=\"og:type\" content=\"article\" \/>\n<meta property=\"og:title\" content=\"La ren\u00fancia a reclamar la Cl\u00e0usula S\u00f2l no \u00e9s v\u00e0lida.\" \/>\n<meta property=\"og:description\" content=\"La ren\u00fancia a reclamar la Cl\u00e0usula S\u00f2l no \u00e9s v\u00e0lida. Acord de rebaixa cl\u00e0usula terra. Advocats especialitzats en Cl\u00e0usula S\u00f2l.\" \/>\n<meta property=\"og:url\" content=\"https:\/\/www.bbsabogados.com\/ca\/la-renuncia-a-reclamar-la-clausula-sol-no-es-valida\/\" \/>\n<meta property=\"og:site_name\" content=\"Despacho BBS Abogados\" \/>\n<meta property=\"article:publisher\" content=\"https:\/\/www.linkedin.com\/in\/arcadi-sala-planell-bbs-abogados-29a37516\/\" \/>\n<meta property=\"article:published_time\" content=\"2022-12-23T07:23:14+00:00\" \/>\n<meta property=\"article:modified_time\" content=\"2026-03-05T18:15:23+00:00\" \/>\n<meta property=\"og:image\" content=\"https:\/\/www.bbsabogados.com\/wp-content\/uploads\/2022\/11\/la-renuncia-reclamar-clausula-suelo-no-valida.jpg\" \/>\n\t<meta property=\"og:image:width\" content=\"638\" \/>\n\t<meta property=\"og:image:height\" content=\"402\" \/>\n\t<meta property=\"og:image:type\" content=\"image\/jpeg\" \/>\n<meta name=\"author\" content=\"Arcadi Sala-Planell\" \/>\n<meta name=\"twitter:card\" content=\"summary_large_image\" \/>\n<meta name=\"twitter:creator\" content=\"@bbsabogados\" \/>\n<meta name=\"twitter:site\" content=\"@bbsabogados\" \/>\n<meta name=\"twitter:label1\" content=\"Escrit per\" \/>\n\t<meta name=\"twitter:data1\" content=\"Arcadi Sala-Planell\" \/>\n\t<meta name=\"twitter:label2\" content=\"Temps estimat de lectura\" \/>\n\t<meta name=\"twitter:data2\" content=\"3 minuts\" \/>\n<script type=\"application\/ld+json\" class=\"yoast-schema-graph\">{\"@context\":\"https:\/\/schema.org\",\"@graph\":[{\"@type\":\"Article\",\"@id\":\"https:\/\/www.bbsabogados.com\/ca\/la-renuncia-a-reclamar-la-clausula-sol-no-es-valida\/#article\",\"isPartOf\":{\"@id\":\"https:\/\/www.bbsabogados.com\/ca\/la-renuncia-a-reclamar-la-clausula-sol-no-es-valida\/\"},\"author\":{\"name\":\"Arcadi Sala-Planell\",\"@id\":\"https:\/\/www.bbsabogados.com\/ca\/#\/schema\/person\/713a0deadf95fc79d77406bc73f52279\"},\"headline\":\"La ren\u00fancia a reclamar la Cl\u00e0usula S\u00f2l no \u00e9s v\u00e0lida.\",\"datePublished\":\"2022-12-23T07:23:14+00:00\",\"dateModified\":\"2026-03-05T18:15:23+00:00\",\"mainEntityOfPage\":{\"@id\":\"https:\/\/www.bbsabogados.com\/ca\/la-renuncia-a-reclamar-la-clausula-sol-no-es-valida\/\"},\"wordCount\":557,\"publisher\":{\"@id\":\"https:\/\/www.bbsabogados.com\/ca\/#organization\"},\"image\":{\"@id\":\"https:\/\/www.bbsabogados.com\/ca\/la-renuncia-a-reclamar-la-clausula-sol-no-es-valida\/#primaryimage\"},\"thumbnailUrl\":\"https:\/\/www.bbsabogados.com\/wp-content\/uploads\/2022\/11\/la-renuncia-reclamar-clausula-suelo-no-valida.jpg\",\"articleSection\":[\"Cl\u00e0usula Terra\"],\"inLanguage\":\"ca\"},{\"@type\":\"WebPage\",\"@id\":\"https:\/\/www.bbsabogados.com\/ca\/la-renuncia-a-reclamar-la-clausula-sol-no-es-valida\/\",\"url\":\"https:\/\/www.bbsabogados.com\/ca\/la-renuncia-a-reclamar-la-clausula-sol-no-es-valida\/\",\"name\":\"La ren\u00fancia a reclamar la Cl\u00e0usula S\u00f2l no \u00e9s v\u00e0lida.\",\"isPartOf\":{\"@id\":\"https:\/\/www.bbsabogados.com\/ca\/#website\"},\"primaryImageOfPage\":{\"@id\":\"https:\/\/www.bbsabogados.com\/ca\/la-renuncia-a-reclamar-la-clausula-sol-no-es-valida\/#primaryimage\"},\"image\":{\"@id\":\"https:\/\/www.bbsabogados.com\/ca\/la-renuncia-a-reclamar-la-clausula-sol-no-es-valida\/#primaryimage\"},\"thumbnailUrl\":\"https:\/\/www.bbsabogados.com\/wp-content\/uploads\/2022\/11\/la-renuncia-reclamar-clausula-suelo-no-valida.jpg\",\"datePublished\":\"2022-12-23T07:23:14+00:00\",\"dateModified\":\"2026-03-05T18:15:23+00:00\",\"description\":\"La ren\u00fancia a reclamar la Cl\u00e0usula S\u00f2l no \u00e9s v\u00e0lida. Acord de rebaixa cl\u00e0usula terra. Advocats especialitzats en Cl\u00e0usula S\u00f2l.\",\"breadcrumb\":{\"@id\":\"https:\/\/www.bbsabogados.com\/ca\/la-renuncia-a-reclamar-la-clausula-sol-no-es-valida\/#breadcrumb\"},\"inLanguage\":\"ca\",\"potentialAction\":[{\"@type\":\"ReadAction\",\"target\":[\"https:\/\/www.bbsabogados.com\/ca\/la-renuncia-a-reclamar-la-clausula-sol-no-es-valida\/\"]}]},{\"@type\":\"ImageObject\",\"inLanguage\":\"ca\",\"@id\":\"https:\/\/www.bbsabogados.com\/ca\/la-renuncia-a-reclamar-la-clausula-sol-no-es-valida\/#primaryimage\",\"url\":\"https:\/\/www.bbsabogados.com\/wp-content\/uploads\/2022\/11\/la-renuncia-reclamar-clausula-suelo-no-valida.jpg\",\"contentUrl\":\"https:\/\/www.bbsabogados.com\/wp-content\/uploads\/2022\/11\/la-renuncia-reclamar-clausula-suelo-no-valida.jpg\",\"width\":638,\"height\":402,\"caption\":\"La renuncia a reclamar la Cl\u00e1usula Suelo no es v\u00e1lida.\"},{\"@type\":\"BreadcrumbList\",\"@id\":\"https:\/\/www.bbsabogados.com\/ca\/la-renuncia-a-reclamar-la-clausula-sol-no-es-valida\/#breadcrumb\",\"itemListElement\":[{\"@type\":\"ListItem\",\"position\":1,\"name\":\"Inicio\",\"item\":\"https:\/\/www.bbsabogados.com\/ca\/\"},{\"@type\":\"ListItem\",\"position\":2,\"name\":\"Cl\u00e0usula Terra\",\"item\":\"https:\/\/www.bbsabogados.com\/ca\/categoria\/clausula-terra\/\"},{\"@type\":\"ListItem\",\"position\":3,\"name\":\"La ren\u00fancia a reclamar la Cl\u00e0usula S\u00f2l no \u00e9s v\u00e0lida.\"}]},{\"@type\":\"WebSite\",\"@id\":\"https:\/\/www.bbsabogados.com\/ca\/#website\",\"url\":\"https:\/\/www.bbsabogados.com\/ca\/\",\"name\":\"BBS Abogados\",\"description\":\"Expertos en Derecho Bancario y Financiero\",\"publisher\":{\"@id\":\"https:\/\/www.bbsabogados.com\/ca\/#organization\"},\"potentialAction\":[{\"@type\":\"SearchAction\",\"target\":{\"@type\":\"EntryPoint\",\"urlTemplate\":\"https:\/\/www.bbsabogados.com\/ca\/?s={search_term_string}\"},\"query-input\":{\"@type\":\"PropertyValueSpecification\",\"valueRequired\":true,\"valueName\":\"search_term_string\"}}],\"inLanguage\":\"ca\"},{\"@type\":\"Organization\",\"@id\":\"https:\/\/www.bbsabogados.com\/ca\/#organization\",\"name\":\"BBS Abogados\",\"url\":\"https:\/\/www.bbsabogados.com\/ca\/\",\"logo\":{\"@type\":\"ImageObject\",\"inLanguage\":\"ca\",\"@id\":\"https:\/\/www.bbsabogados.com\/ca\/#\/schema\/logo\/image\/\",\"url\":\"https:\/\/www.bbsabogados.com\/wp-content\/uploads\/2020\/02\/LOGO_Abogados_BBS.png\",\"contentUrl\":\"https:\/\/www.bbsabogados.com\/wp-content\/uploads\/2020\/02\/LOGO_Abogados_BBS.png\",\"width\":130,\"height\":83,\"caption\":\"BBS Abogados\"},\"image\":{\"@id\":\"https:\/\/www.bbsabogados.com\/ca\/#\/schema\/logo\/image\/\"},\"sameAs\":[\"https:\/\/www.linkedin.com\/in\/arcadi-sala-planell-bbs-abogados-29a37516\/\",\"https:\/\/x.com\/bbsabogados\",\"https:\/\/www.facebook.com\/pages\/BBS-Abogados-y-Asesores-Financieros\/161040880606162\",\"https:\/\/www.instagram.com\/bbsabogados\/\"]},{\"@type\":\"Person\",\"@id\":\"https:\/\/www.bbsabogados.com\/ca\/#\/schema\/person\/713a0deadf95fc79d77406bc73f52279\",\"name\":\"Arcadi Sala-Planell\",\"image\":{\"@type\":\"ImageObject\",\"inLanguage\":\"ca\",\"@id\":\"https:\/\/secure.gravatar.com\/avatar\/d305bd39cf310b98af953dec4cabbcd5f6c5a2d79f006648755a8493629a7138?s=96&d=mm&r=g\",\"url\":\"https:\/\/secure.gravatar.com\/avatar\/d305bd39cf310b98af953dec4cabbcd5f6c5a2d79f006648755a8493629a7138?s=96&d=mm&r=g\",\"contentUrl\":\"https:\/\/secure.gravatar.com\/avatar\/d305bd39cf310b98af953dec4cabbcd5f6c5a2d79f006648755a8493629a7138?s=96&d=mm&r=g\",\"caption\":\"Arcadi Sala-Planell\"}}]}<\/script>\n<!-- \/ Yoast SEO plugin. -->","yoast_head_json":{"title":"La ren\u00fancia a reclamar la Cl\u00e0usula S\u00f2l no \u00e9s v\u00e0lida.","description":"La ren\u00fancia a reclamar la Cl\u00e0usula S\u00f2l no \u00e9s v\u00e0lida. Acord de rebaixa cl\u00e0usula terra. Advocats especialitzats en Cl\u00e0usula S\u00f2l.","robots":{"index":"index","follow":"follow","max-snippet":"max-snippet:-1","max-image-preview":"max-image-preview:large","max-video-preview":"max-video-preview:-1"},"canonical":"https:\/\/www.bbsabogados.com\/ca\/la-renuncia-a-reclamar-la-clausula-sol-no-es-valida\/","og_locale":"ca_ES","og_type":"article","og_title":"La ren\u00fancia a reclamar la Cl\u00e0usula S\u00f2l no \u00e9s v\u00e0lida.","og_description":"La ren\u00fancia a reclamar la Cl\u00e0usula S\u00f2l no \u00e9s v\u00e0lida. Acord de rebaixa cl\u00e0usula terra. Advocats especialitzats en Cl\u00e0usula S\u00f2l.","og_url":"https:\/\/www.bbsabogados.com\/ca\/la-renuncia-a-reclamar-la-clausula-sol-no-es-valida\/","og_site_name":"Despacho BBS Abogados","article_publisher":"https:\/\/www.linkedin.com\/in\/arcadi-sala-planell-bbs-abogados-29a37516\/","article_published_time":"2022-12-23T07:23:14+00:00","article_modified_time":"2026-03-05T18:15:23+00:00","og_image":[{"width":638,"height":402,"url":"https:\/\/www.bbsabogados.com\/wp-content\/uploads\/2022\/11\/la-renuncia-reclamar-clausula-suelo-no-valida.jpg","type":"image\/jpeg"}],"author":"Arcadi Sala-Planell","twitter_card":"summary_large_image","twitter_creator":"@bbsabogados","twitter_site":"@bbsabogados","twitter_misc":{"Escrit per":"Arcadi Sala-Planell","Temps estimat de lectura":"3 minuts"},"schema":{"@context":"https:\/\/schema.org","@graph":[{"@type":"Article","@id":"https:\/\/www.bbsabogados.com\/ca\/la-renuncia-a-reclamar-la-clausula-sol-no-es-valida\/#article","isPartOf":{"@id":"https:\/\/www.bbsabogados.com\/ca\/la-renuncia-a-reclamar-la-clausula-sol-no-es-valida\/"},"author":{"name":"Arcadi Sala-Planell","@id":"https:\/\/www.bbsabogados.com\/ca\/#\/schema\/person\/713a0deadf95fc79d77406bc73f52279"},"headline":"La ren\u00fancia a reclamar la Cl\u00e0usula S\u00f2l no \u00e9s v\u00e0lida.","datePublished":"2022-12-23T07:23:14+00:00","dateModified":"2026-03-05T18:15:23+00:00","mainEntityOfPage":{"@id":"https:\/\/www.bbsabogados.com\/ca\/la-renuncia-a-reclamar-la-clausula-sol-no-es-valida\/"},"wordCount":557,"publisher":{"@id":"https:\/\/www.bbsabogados.com\/ca\/#organization"},"image":{"@id":"https:\/\/www.bbsabogados.com\/ca\/la-renuncia-a-reclamar-la-clausula-sol-no-es-valida\/#primaryimage"},"thumbnailUrl":"https:\/\/www.bbsabogados.com\/wp-content\/uploads\/2022\/11\/la-renuncia-reclamar-clausula-suelo-no-valida.jpg","articleSection":["Cl\u00e0usula Terra"],"inLanguage":"ca"},{"@type":"WebPage","@id":"https:\/\/www.bbsabogados.com\/ca\/la-renuncia-a-reclamar-la-clausula-sol-no-es-valida\/","url":"https:\/\/www.bbsabogados.com\/ca\/la-renuncia-a-reclamar-la-clausula-sol-no-es-valida\/","name":"La ren\u00fancia a reclamar la Cl\u00e0usula S\u00f2l no \u00e9s v\u00e0lida.","isPartOf":{"@id":"https:\/\/www.bbsabogados.com\/ca\/#website"},"primaryImageOfPage":{"@id":"https:\/\/www.bbsabogados.com\/ca\/la-renuncia-a-reclamar-la-clausula-sol-no-es-valida\/#primaryimage"},"image":{"@id":"https:\/\/www.bbsabogados.com\/ca\/la-renuncia-a-reclamar-la-clausula-sol-no-es-valida\/#primaryimage"},"thumbnailUrl":"https:\/\/www.bbsabogados.com\/wp-content\/uploads\/2022\/11\/la-renuncia-reclamar-clausula-suelo-no-valida.jpg","datePublished":"2022-12-23T07:23:14+00:00","dateModified":"2026-03-05T18:15:23+00:00","description":"La ren\u00fancia a reclamar la Cl\u00e0usula S\u00f2l no \u00e9s v\u00e0lida. Acord de rebaixa cl\u00e0usula terra. Advocats especialitzats en Cl\u00e0usula S\u00f2l.","breadcrumb":{"@id":"https:\/\/www.bbsabogados.com\/ca\/la-renuncia-a-reclamar-la-clausula-sol-no-es-valida\/#breadcrumb"},"inLanguage":"ca","potentialAction":[{"@type":"ReadAction","target":["https:\/\/www.bbsabogados.com\/ca\/la-renuncia-a-reclamar-la-clausula-sol-no-es-valida\/"]}]},{"@type":"ImageObject","inLanguage":"ca","@id":"https:\/\/www.bbsabogados.com\/ca\/la-renuncia-a-reclamar-la-clausula-sol-no-es-valida\/#primaryimage","url":"https:\/\/www.bbsabogados.com\/wp-content\/uploads\/2022\/11\/la-renuncia-reclamar-clausula-suelo-no-valida.jpg","contentUrl":"https:\/\/www.bbsabogados.com\/wp-content\/uploads\/2022\/11\/la-renuncia-reclamar-clausula-suelo-no-valida.jpg","width":638,"height":402,"caption":"La renuncia a reclamar la Cl\u00e1usula Suelo no es v\u00e1lida."},{"@type":"BreadcrumbList","@id":"https:\/\/www.bbsabogados.com\/ca\/la-renuncia-a-reclamar-la-clausula-sol-no-es-valida\/#breadcrumb","itemListElement":[{"@type":"ListItem","position":1,"name":"Inicio","item":"https:\/\/www.bbsabogados.com\/ca\/"},{"@type":"ListItem","position":2,"name":"Cl\u00e0usula Terra","item":"https:\/\/www.bbsabogados.com\/ca\/categoria\/clausula-terra\/"},{"@type":"ListItem","position":3,"name":"La ren\u00fancia a reclamar la Cl\u00e0usula S\u00f2l no \u00e9s v\u00e0lida."}]},{"@type":"WebSite","@id":"https:\/\/www.bbsabogados.com\/ca\/#website","url":"https:\/\/www.bbsabogados.com\/ca\/","name":"BBS Abogados","description":"Expertos en Derecho Bancario y Financiero","publisher":{"@id":"https:\/\/www.bbsabogados.com\/ca\/#organization"},"potentialAction":[{"@type":"SearchAction","target":{"@type":"EntryPoint","urlTemplate":"https:\/\/www.bbsabogados.com\/ca\/?s={search_term_string}"},"query-input":{"@type":"PropertyValueSpecification","valueRequired":true,"valueName":"search_term_string"}}],"inLanguage":"ca"},{"@type":"Organization","@id":"https:\/\/www.bbsabogados.com\/ca\/#organization","name":"BBS Abogados","url":"https:\/\/www.bbsabogados.com\/ca\/","logo":{"@type":"ImageObject","inLanguage":"ca","@id":"https:\/\/www.bbsabogados.com\/ca\/#\/schema\/logo\/image\/","url":"https:\/\/www.bbsabogados.com\/wp-content\/uploads\/2020\/02\/LOGO_Abogados_BBS.png","contentUrl":"https:\/\/www.bbsabogados.com\/wp-content\/uploads\/2020\/02\/LOGO_Abogados_BBS.png","width":130,"height":83,"caption":"BBS Abogados"},"image":{"@id":"https:\/\/www.bbsabogados.com\/ca\/#\/schema\/logo\/image\/"},"sameAs":["https:\/\/www.linkedin.com\/in\/arcadi-sala-planell-bbs-abogados-29a37516\/","https:\/\/x.com\/bbsabogados","https:\/\/www.facebook.com\/pages\/BBS-Abogados-y-Asesores-Financieros\/161040880606162","https:\/\/www.instagram.com\/bbsabogados\/"]},{"@type":"Person","@id":"https:\/\/www.bbsabogados.com\/ca\/#\/schema\/person\/713a0deadf95fc79d77406bc73f52279","name":"Arcadi Sala-Planell","image":{"@type":"ImageObject","inLanguage":"ca","@id":"https:\/\/secure.gravatar.com\/avatar\/d305bd39cf310b98af953dec4cabbcd5f6c5a2d79f006648755a8493629a7138?s=96&d=mm&r=g","url":"https:\/\/secure.gravatar.com\/avatar\/d305bd39cf310b98af953dec4cabbcd5f6c5a2d79f006648755a8493629a7138?s=96&d=mm&r=g","contentUrl":"https:\/\/secure.gravatar.com\/avatar\/d305bd39cf310b98af953dec4cabbcd5f6c5a2d79f006648755a8493629a7138?s=96&d=mm&r=g","caption":"Arcadi Sala-Planell"}}]}},"_links":{"self":[{"href":"https:\/\/www.bbsabogados.com\/ca\/wp-json\/wp\/v2\/posts\/7623","targetHints":{"allow":["GET"]}}],"collection":[{"href":"https:\/\/www.bbsabogados.com\/ca\/wp-json\/wp\/v2\/posts"}],"about":[{"href":"https:\/\/www.bbsabogados.com\/ca\/wp-json\/wp\/v2\/types\/post"}],"author":[{"embeddable":true,"href":"https:\/\/www.bbsabogados.com\/ca\/wp-json\/wp\/v2\/users\/3"}],"replies":[{"embeddable":true,"href":"https:\/\/www.bbsabogados.com\/ca\/wp-json\/wp\/v2\/comments?post=7623"}],"version-history":[{"count":2,"href":"https:\/\/www.bbsabogados.com\/ca\/wp-json\/wp\/v2\/posts\/7623\/revisions"}],"predecessor-version":[{"id":14803,"href":"https:\/\/www.bbsabogados.com\/ca\/wp-json\/wp\/v2\/posts\/7623\/revisions\/14803"}],"wp:featuredmedia":[{"embeddable":true,"href":"https:\/\/www.bbsabogados.com\/ca\/wp-json\/wp\/v2\/media\/7459"}],"wp:attachment":[{"href":"https:\/\/www.bbsabogados.com\/ca\/wp-json\/wp\/v2\/media?parent=7623"}],"wp:term":[{"taxonomy":"category","embeddable":true,"href":"https:\/\/www.bbsabogados.com\/ca\/wp-json\/wp\/v2\/categories?post=7623"},{"taxonomy":"post_tag","embeddable":true,"href":"https:\/\/www.bbsabogados.com\/ca\/wp-json\/wp\/v2\/tags?post=7623"}],"curies":[{"name":"wp","href":"https:\/\/api.w.org\/{rel}","templated":true}]}}