{"id":7624,"date":"2022-12-23T08:24:58","date_gmt":"2022-12-23T07:24:58","guid":{"rendered":"https:\/\/www.bbsabogados.com\/em-reclamen-les-factures-de-llum-i-gas-del-propietari-nou\/"},"modified":"2023-04-17T20:36:02","modified_gmt":"2023-04-17T18:36:02","slug":"em-reclamen-les-factures-de-llum-i-gas-del-propietari-nou","status":"publish","type":"post","link":"https:\/\/www.bbsabogados.com\/ca\/em-reclamen-les-factures-de-llum-i-gas-del-propietari-nou\/","title":{"rendered":"Em reclamen les factures de llum i gas del propietari nou."},"content":{"rendered":"\n<h3 class=\"wp-block-heading\">Consecuencias de no hacer el cambio de titularidad de los contratos de suministro tras una compraventa.<\/h3>\n\n\n\n<p>Ya son varias las consultas de clientes a quienes <strong>les reclaman las facturas de luz y gas del nuevo propietario tras vender una vivienda<\/strong>. Se trata de casos en que se ha vendido un inmueble, pero <strong>no se han dado de baja los suministros<\/strong>. Entonces, el cliente se encuentra con una carta de la el\u00e9ctrica en la que le reclama varias facturas de <strong>consumos que no ha realizado<\/strong>. O lo que es peor: se encuentra con una demanda de juicio monitorio.<\/p>\n\n\n\n<h4 class=\"wp-block-heading\">Me reclaman las facturas de luz y gas del nuevo propietario, \u00bftengo que pagarlas?<\/h4>\n\n\n\n<p>La respuesta es s\u00ed. Lo recomendable es <strong>pagar y evitar un procedimiento judicial,<\/strong> que solo implicar\u00e1 m\u00e1s gastos: abogado, procurador, intereses procesales, costas, etc.<\/p>\n\n\n\n<p>Los juzgados ya han resuelto muchos casos de este tipo, y han llegado a la conclusi\u00f3n de que <strong>las facturas debe pagarlas el titular del contrato,<\/strong> independientemente de que el consumo haya sido realizado por el nuevo propietario.<\/p>\n\n\n\n<p>Es decir, el hecho de que el vendedor, a\u00fan titular de los suministros,  haya cesado en el consumo de agua, luz o gas, no le exime, sin m\u00e1s, de su pago.<\/p>\n\n\n\n<p>Una vez pagada la deuda, <strong>podremos reclam\u00e1rsela al nuevo propietario.<\/strong> A ello nos referiremos m\u00e1s adelante.<\/p>\n\n\n\n<h4 class=\"wp-block-heading\"><strong>He recibido una demanda de juicio monitorio \u00bfQu\u00e9 tengo que hacer? \u00bfNecesito un abogado?<\/strong><\/h4>\n\n\n\n<p>En este caso, no vale la pena oponerse a la demanda, ya que insistimos en que la jurisprudencia es clara: las facturas se reclaman al titular del contrato de suministro.<\/p>\n\n\n\n<p>Nosotros recomendamos <strong>ingresar el dinero en el juzgado<\/strong>, y presentar un escrito firmado por abogado <strong>solicitando que no se impongan costas. <\/strong><\/p>\n\n\n\n<p>Es decir, en estos casos, como casi siempre existe una reclamaci\u00f3n extrajudicial previa, aunque se pague voluntariamente despu\u00e9s de la demanda, <strong>puede ser que el juez imponga costas<\/strong>. Por lo que a parte de la cantidad reclamada, deber\u00e1 pagarse un importe adicional en concepto de costas procesales.<\/p>\n\n\n\n<p>Por ello, es muy importante preparar un escrito con fundamentos legales y jurisprudencia pidiendo expresamente la no imposici\u00f3n de costas.<\/p>\n\n\n\n<p>Una vez pagado el importe reclamado en el juzgado y presentado el escrito, el juzgado dictar\u00e1 un <strong>Decreto archivando el procedimiento<\/strong>, sin imposici\u00f3n de costas.<\/p>\n\n\n\n<h4 class=\"wp-block-heading\"><strong>\u00bfLe puedo reclamar al nuevo propietario las facturas de luz y gas que he tenido que pagar?<\/strong><br><\/h4>\n\n\n\n<p>S\u00ed, se pueden reclamar las facturas de los suministros al nuevo propietario. Se trata de la acci\u00f3n de repetici\u00f3n a la que hemos hecho referencia.<\/p>\n\n\n\n<p>La jurisprudencia consolidada <strong>establece que al  titular de los suministros le asiste una ACCI\u00d3N DE REPETICI\u00d3N contra quien se aprovecha de los mentados suministros,<\/strong> en aplicaci\u00f3n del <strong><u>art. 1158&nbsp;del&nbsp;<\/u><\/strong><a href=\"https:\/\/app.vlex.com\/vid\/127560\"><strong>C\u00f3digo Civil<\/strong><\/a>, seg\u00fan el cual \u201c<em>el que pagare por cuenta de otro podr\u00e1 reclamar del deudor lo que hubiese pagado, a no haberlo hecho contra su expresa voluntad<\/em>.\u201d <\/p>\n\n\n\n<p>De hecho, que los nuevos propietarios no paguen los gastos de luz, gas o agua habiendo consumido ellos los suministros, conllevar\u00eda un evidente enriquecimiento de los nuevos propietarios.<\/p>\n\n\n\n<h4 class=\"wp-block-heading\"><strong>Desde BBS Abogados le podemos ayudar.<\/strong><\/h4>\n\n\n\n<p><strong>Si le reclaman las facturas de luz y gas del nuevo propietario tras vender un inmueble,<\/strong> desde <strong><a href=\"http:\/\/www.bbsabogados.com\">BBS Abogados<\/a><\/strong> le podemos ayudar. Por una parte, le ayudaremos con la empresa de suministros para que la deuda no aumente. Por otra parte, reclamamos las facturas por suministros que usted no ha consumido al nuevo propietario. <\/p>\n\n\n\n<p>Puede informarse sin compromiso a trav\u00e9s de nuestro&nbsp;<a href=\"https:\/\/www.bbsabogados.com\/oficinas\/\" target=\"_blank\" rel=\"noreferrer noopener\">formulario web,<\/a>&nbsp;escribi\u00e9ndonos a bbsabogados@bbsabogados.com o llamando al 93 760 53 77. <\/p>\n","protected":false},"excerpt":{"rendered":"<p>Consecuencias de no hacer el cambio de titularidad de los contratos de suministro tras una compraventa. Ya son varias las consultas de clientes a quienes les reclaman las facturas de luz y gas del nuevo propietario tras vender una vivienda. Se trata de casos en que se ha vendido un inmueble, pero no se han [&hellip;]<\/p>\n","protected":false},"author":3,"featured_media":7469,"comment_status":"closed","ping_status":"closed","sticky":false,"template":"","format":"standard","meta":{"_acf_changed":false,"_monsterinsights_skip_tracking":false,"_monsterinsights_sitenote_active":false,"_monsterinsights_sitenote_note":"","_monsterinsights_sitenote_category":0,"footnotes":""},"categories":[289],"tags":[],"class_list":["post-7624","post","type-post","status-publish","format-standard","has-post-thumbnail","hentry","category-dret-gestio-immobiliaria-ca"],"acf":[],"yoast_head":"<!-- This site is optimized with the Yoast SEO plugin v27.2 - https:\/\/yoast.com\/product\/yoast-seo-wordpress\/ -->\n<title>Em reclamen les factures de llum i gas del propietari nou. - BBS<\/title>\n<meta name=\"description\" content=\"Em reclamen les factures de llum i gas del nou propietari despr\u00e9s de vendre un habitatge. Demanda judici monitori.\" \/>\n<meta name=\"robots\" content=\"index, follow, max-snippet:-1, max-image-preview:large, max-video-preview:-1\" \/>\n<link rel=\"canonical\" href=\"https:\/\/www.bbsabogados.com\/ca\/em-reclamen-les-factures-de-llum-i-gas-del-propietari-nou\/\" \/>\n<meta property=\"og:locale\" content=\"ca_ES\" \/>\n<meta property=\"og:type\" content=\"article\" \/>\n<meta property=\"og:title\" content=\"Em reclamen les factures de llum i gas del propietari nou. - BBS\" \/>\n<meta property=\"og:description\" content=\"Em reclamen les factures de llum i gas del nou propietari despr\u00e9s de vendre un habitatge. Demanda judici monitori.\" \/>\n<meta property=\"og:url\" content=\"https:\/\/www.bbsabogados.com\/ca\/em-reclamen-les-factures-de-llum-i-gas-del-propietari-nou\/\" \/>\n<meta property=\"og:site_name\" content=\"Despacho BBS Abogados\" \/>\n<meta property=\"article:publisher\" content=\"https:\/\/www.linkedin.com\/in\/arcadi-sala-planell-bbs-abogados-29a37516\/\" \/>\n<meta property=\"article:published_time\" content=\"2022-12-23T07:24:58+00:00\" \/>\n<meta property=\"article:modified_time\" content=\"2023-04-17T18:36:02+00:00\" \/>\n<meta property=\"og:image\" content=\"https:\/\/www.bbsabogados.com\/wp-content\/uploads\/2020\/06\/general_blogs3.jpg\" \/>\n\t<meta property=\"og:image:width\" content=\"450\" \/>\n\t<meta property=\"og:image:height\" content=\"300\" \/>\n\t<meta property=\"og:image:type\" content=\"image\/jpeg\" \/>\n<meta name=\"author\" content=\"Arcadi Sala-Planell\" \/>\n<meta name=\"twitter:card\" content=\"summary_large_image\" \/>\n<meta name=\"twitter:creator\" content=\"@bbsabogados\" \/>\n<meta name=\"twitter:site\" content=\"@bbsabogados\" \/>\n<meta name=\"twitter:label1\" content=\"Escrit per\" \/>\n\t<meta name=\"twitter:data1\" content=\"Arcadi Sala-Planell\" \/>\n\t<meta name=\"twitter:label2\" content=\"Temps estimat de lectura\" \/>\n\t<meta name=\"twitter:data2\" content=\"3 minuts\" \/>\n<script type=\"application\/ld+json\" class=\"yoast-schema-graph\">{\"@context\":\"https:\/\/schema.org\",\"@graph\":[{\"@type\":\"Article\",\"@id\":\"https:\/\/www.bbsabogados.com\/ca\/em-reclamen-les-factures-de-llum-i-gas-del-propietari-nou\/#article\",\"isPartOf\":{\"@id\":\"https:\/\/www.bbsabogados.com\/ca\/em-reclamen-les-factures-de-llum-i-gas-del-propietari-nou\/\"},\"author\":{\"name\":\"Arcadi Sala-Planell\",\"@id\":\"https:\/\/www.bbsabogados.com\/ca\/#\/schema\/person\/713a0deadf95fc79d77406bc73f52279\"},\"headline\":\"Em reclamen les factures de llum i gas del propietari nou.\",\"datePublished\":\"2022-12-23T07:24:58+00:00\",\"dateModified\":\"2023-04-17T18:36:02+00:00\",\"mainEntityOfPage\":{\"@id\":\"https:\/\/www.bbsabogados.com\/ca\/em-reclamen-les-factures-de-llum-i-gas-del-propietari-nou\/\"},\"wordCount\":618,\"publisher\":{\"@id\":\"https:\/\/www.bbsabogados.com\/ca\/#organization\"},\"image\":{\"@id\":\"https:\/\/www.bbsabogados.com\/ca\/em-reclamen-les-factures-de-llum-i-gas-del-propietari-nou\/#primaryimage\"},\"thumbnailUrl\":\"https:\/\/www.bbsabogados.com\/wp-content\/uploads\/2022\/11\/me-reclaman-las-facturas-de-luz-gas.jpg\",\"articleSection\":[\"Dret Gesti\u00f3 Immobili\u00e0ria\"],\"inLanguage\":\"ca\"},{\"@type\":\"WebPage\",\"@id\":\"https:\/\/www.bbsabogados.com\/ca\/em-reclamen-les-factures-de-llum-i-gas-del-propietari-nou\/\",\"url\":\"https:\/\/www.bbsabogados.com\/ca\/em-reclamen-les-factures-de-llum-i-gas-del-propietari-nou\/\",\"name\":\"Em reclamen les factures de llum i gas del propietari nou. - BBS\",\"isPartOf\":{\"@id\":\"https:\/\/www.bbsabogados.com\/ca\/#website\"},\"primaryImageOfPage\":{\"@id\":\"https:\/\/www.bbsabogados.com\/ca\/em-reclamen-les-factures-de-llum-i-gas-del-propietari-nou\/#primaryimage\"},\"image\":{\"@id\":\"https:\/\/www.bbsabogados.com\/ca\/em-reclamen-les-factures-de-llum-i-gas-del-propietari-nou\/#primaryimage\"},\"thumbnailUrl\":\"https:\/\/www.bbsabogados.com\/wp-content\/uploads\/2022\/11\/me-reclaman-las-facturas-de-luz-gas.jpg\",\"datePublished\":\"2022-12-23T07:24:58+00:00\",\"dateModified\":\"2023-04-17T18:36:02+00:00\",\"description\":\"Em reclamen les factures de llum i gas del nou propietari despr\u00e9s de vendre un habitatge. Demanda judici monitori.\",\"breadcrumb\":{\"@id\":\"https:\/\/www.bbsabogados.com\/ca\/em-reclamen-les-factures-de-llum-i-gas-del-propietari-nou\/#breadcrumb\"},\"inLanguage\":\"ca\",\"potentialAction\":[{\"@type\":\"ReadAction\",\"target\":[\"https:\/\/www.bbsabogados.com\/ca\/em-reclamen-les-factures-de-llum-i-gas-del-propietari-nou\/\"]}]},{\"@type\":\"ImageObject\",\"inLanguage\":\"ca\",\"@id\":\"https:\/\/www.bbsabogados.com\/ca\/em-reclamen-les-factures-de-llum-i-gas-del-propietari-nou\/#primaryimage\",\"url\":\"https:\/\/www.bbsabogados.com\/wp-content\/uploads\/2022\/11\/me-reclaman-las-facturas-de-luz-gas.jpg\",\"contentUrl\":\"https:\/\/www.bbsabogados.com\/wp-content\/uploads\/2022\/11\/me-reclaman-las-facturas-de-luz-gas.jpg\",\"width\":638,\"height\":402,\"caption\":\"Me reclaman las facturas de luz y gas\"},{\"@type\":\"BreadcrumbList\",\"@id\":\"https:\/\/www.bbsabogados.com\/ca\/em-reclamen-les-factures-de-llum-i-gas-del-propietari-nou\/#breadcrumb\",\"itemListElement\":[{\"@type\":\"ListItem\",\"position\":1,\"name\":\"Inicio\",\"item\":\"https:\/\/www.bbsabogados.com\/ca\/\"},{\"@type\":\"ListItem\",\"position\":2,\"name\":\"Dret Gesti\u00f3 Immobili\u00e0ria\",\"item\":\"https:\/\/www.bbsabogados.com\/ca\/categoria\/dret-gestio-immobiliaria-ca\/\"},{\"@type\":\"ListItem\",\"position\":3,\"name\":\"Em reclamen les factures de llum i gas del propietari nou.\"}]},{\"@type\":\"WebSite\",\"@id\":\"https:\/\/www.bbsabogados.com\/ca\/#website\",\"url\":\"https:\/\/www.bbsabogados.com\/ca\/\",\"name\":\"BBS Abogados\",\"description\":\"Expertos en Derecho Bancario y Financiero\",\"publisher\":{\"@id\":\"https:\/\/www.bbsabogados.com\/ca\/#organization\"},\"potentialAction\":[{\"@type\":\"SearchAction\",\"target\":{\"@type\":\"EntryPoint\",\"urlTemplate\":\"https:\/\/www.bbsabogados.com\/ca\/?s={search_term_string}\"},\"query-input\":{\"@type\":\"PropertyValueSpecification\",\"valueRequired\":true,\"valueName\":\"search_term_string\"}}],\"inLanguage\":\"ca\"},{\"@type\":\"Organization\",\"@id\":\"https:\/\/www.bbsabogados.com\/ca\/#organization\",\"name\":\"BBS Abogados\",\"url\":\"https:\/\/www.bbsabogados.com\/ca\/\",\"logo\":{\"@type\":\"ImageObject\",\"inLanguage\":\"ca\",\"@id\":\"https:\/\/www.bbsabogados.com\/ca\/#\/schema\/logo\/image\/\",\"url\":\"https:\/\/www.bbsabogados.com\/wp-content\/uploads\/2020\/02\/LOGO_Abogados_BBS.png\",\"contentUrl\":\"https:\/\/www.bbsabogados.com\/wp-content\/uploads\/2020\/02\/LOGO_Abogados_BBS.png\",\"width\":130,\"height\":83,\"caption\":\"BBS Abogados\"},\"image\":{\"@id\":\"https:\/\/www.bbsabogados.com\/ca\/#\/schema\/logo\/image\/\"},\"sameAs\":[\"https:\/\/www.linkedin.com\/in\/arcadi-sala-planell-bbs-abogados-29a37516\/\",\"https:\/\/x.com\/bbsabogados\",\"https:\/\/www.facebook.com\/pages\/BBS-Abogados-y-Asesores-Financieros\/161040880606162\",\"https:\/\/www.instagram.com\/bbsabogados\/\"]},{\"@type\":\"Person\",\"@id\":\"https:\/\/www.bbsabogados.com\/ca\/#\/schema\/person\/713a0deadf95fc79d77406bc73f52279\",\"name\":\"Arcadi Sala-Planell\",\"image\":{\"@type\":\"ImageObject\",\"inLanguage\":\"ca\",\"@id\":\"https:\/\/secure.gravatar.com\/avatar\/d305bd39cf310b98af953dec4cabbcd5f6c5a2d79f006648755a8493629a7138?s=96&d=mm&r=g\",\"url\":\"https:\/\/secure.gravatar.com\/avatar\/d305bd39cf310b98af953dec4cabbcd5f6c5a2d79f006648755a8493629a7138?s=96&d=mm&r=g\",\"contentUrl\":\"https:\/\/secure.gravatar.com\/avatar\/d305bd39cf310b98af953dec4cabbcd5f6c5a2d79f006648755a8493629a7138?s=96&d=mm&r=g\",\"caption\":\"Arcadi Sala-Planell\"}}]}<\/script>\n<!-- \/ Yoast SEO plugin. -->","yoast_head_json":{"title":"Em reclamen les factures de llum i gas del propietari nou. - BBS","description":"Em reclamen les factures de llum i gas del nou propietari despr\u00e9s de vendre un habitatge. Demanda judici monitori.","robots":{"index":"index","follow":"follow","max-snippet":"max-snippet:-1","max-image-preview":"max-image-preview:large","max-video-preview":"max-video-preview:-1"},"canonical":"https:\/\/www.bbsabogados.com\/ca\/em-reclamen-les-factures-de-llum-i-gas-del-propietari-nou\/","og_locale":"ca_ES","og_type":"article","og_title":"Em reclamen les factures de llum i gas del propietari nou. - BBS","og_description":"Em reclamen les factures de llum i gas del nou propietari despr\u00e9s de vendre un habitatge. Demanda judici monitori.","og_url":"https:\/\/www.bbsabogados.com\/ca\/em-reclamen-les-factures-de-llum-i-gas-del-propietari-nou\/","og_site_name":"Despacho BBS Abogados","article_publisher":"https:\/\/www.linkedin.com\/in\/arcadi-sala-planell-bbs-abogados-29a37516\/","article_published_time":"2022-12-23T07:24:58+00:00","article_modified_time":"2023-04-17T18:36:02+00:00","og_image":[{"width":450,"height":300,"url":"https:\/\/www.bbsabogados.com\/wp-content\/uploads\/2020\/06\/general_blogs3.jpg","type":"image\/jpeg"}],"author":"Arcadi Sala-Planell","twitter_card":"summary_large_image","twitter_creator":"@bbsabogados","twitter_site":"@bbsabogados","twitter_misc":{"Escrit per":"Arcadi Sala-Planell","Temps estimat de lectura":"3 minuts"},"schema":{"@context":"https:\/\/schema.org","@graph":[{"@type":"Article","@id":"https:\/\/www.bbsabogados.com\/ca\/em-reclamen-les-factures-de-llum-i-gas-del-propietari-nou\/#article","isPartOf":{"@id":"https:\/\/www.bbsabogados.com\/ca\/em-reclamen-les-factures-de-llum-i-gas-del-propietari-nou\/"},"author":{"name":"Arcadi Sala-Planell","@id":"https:\/\/www.bbsabogados.com\/ca\/#\/schema\/person\/713a0deadf95fc79d77406bc73f52279"},"headline":"Em reclamen les factures de llum i gas del propietari nou.","datePublished":"2022-12-23T07:24:58+00:00","dateModified":"2023-04-17T18:36:02+00:00","mainEntityOfPage":{"@id":"https:\/\/www.bbsabogados.com\/ca\/em-reclamen-les-factures-de-llum-i-gas-del-propietari-nou\/"},"wordCount":618,"publisher":{"@id":"https:\/\/www.bbsabogados.com\/ca\/#organization"},"image":{"@id":"https:\/\/www.bbsabogados.com\/ca\/em-reclamen-les-factures-de-llum-i-gas-del-propietari-nou\/#primaryimage"},"thumbnailUrl":"https:\/\/www.bbsabogados.com\/wp-content\/uploads\/2022\/11\/me-reclaman-las-facturas-de-luz-gas.jpg","articleSection":["Dret Gesti\u00f3 Immobili\u00e0ria"],"inLanguage":"ca"},{"@type":"WebPage","@id":"https:\/\/www.bbsabogados.com\/ca\/em-reclamen-les-factures-de-llum-i-gas-del-propietari-nou\/","url":"https:\/\/www.bbsabogados.com\/ca\/em-reclamen-les-factures-de-llum-i-gas-del-propietari-nou\/","name":"Em reclamen les factures de llum i gas del propietari nou. - BBS","isPartOf":{"@id":"https:\/\/www.bbsabogados.com\/ca\/#website"},"primaryImageOfPage":{"@id":"https:\/\/www.bbsabogados.com\/ca\/em-reclamen-les-factures-de-llum-i-gas-del-propietari-nou\/#primaryimage"},"image":{"@id":"https:\/\/www.bbsabogados.com\/ca\/em-reclamen-les-factures-de-llum-i-gas-del-propietari-nou\/#primaryimage"},"thumbnailUrl":"https:\/\/www.bbsabogados.com\/wp-content\/uploads\/2022\/11\/me-reclaman-las-facturas-de-luz-gas.jpg","datePublished":"2022-12-23T07:24:58+00:00","dateModified":"2023-04-17T18:36:02+00:00","description":"Em reclamen les factures de llum i gas del nou propietari despr\u00e9s de vendre un habitatge. Demanda judici monitori.","breadcrumb":{"@id":"https:\/\/www.bbsabogados.com\/ca\/em-reclamen-les-factures-de-llum-i-gas-del-propietari-nou\/#breadcrumb"},"inLanguage":"ca","potentialAction":[{"@type":"ReadAction","target":["https:\/\/www.bbsabogados.com\/ca\/em-reclamen-les-factures-de-llum-i-gas-del-propietari-nou\/"]}]},{"@type":"ImageObject","inLanguage":"ca","@id":"https:\/\/www.bbsabogados.com\/ca\/em-reclamen-les-factures-de-llum-i-gas-del-propietari-nou\/#primaryimage","url":"https:\/\/www.bbsabogados.com\/wp-content\/uploads\/2022\/11\/me-reclaman-las-facturas-de-luz-gas.jpg","contentUrl":"https:\/\/www.bbsabogados.com\/wp-content\/uploads\/2022\/11\/me-reclaman-las-facturas-de-luz-gas.jpg","width":638,"height":402,"caption":"Me reclaman las facturas de luz y gas"},{"@type":"BreadcrumbList","@id":"https:\/\/www.bbsabogados.com\/ca\/em-reclamen-les-factures-de-llum-i-gas-del-propietari-nou\/#breadcrumb","itemListElement":[{"@type":"ListItem","position":1,"name":"Inicio","item":"https:\/\/www.bbsabogados.com\/ca\/"},{"@type":"ListItem","position":2,"name":"Dret Gesti\u00f3 Immobili\u00e0ria","item":"https:\/\/www.bbsabogados.com\/ca\/categoria\/dret-gestio-immobiliaria-ca\/"},{"@type":"ListItem","position":3,"name":"Em reclamen les factures de llum i gas del propietari nou."}]},{"@type":"WebSite","@id":"https:\/\/www.bbsabogados.com\/ca\/#website","url":"https:\/\/www.bbsabogados.com\/ca\/","name":"BBS Abogados","description":"Expertos en Derecho Bancario y Financiero","publisher":{"@id":"https:\/\/www.bbsabogados.com\/ca\/#organization"},"potentialAction":[{"@type":"SearchAction","target":{"@type":"EntryPoint","urlTemplate":"https:\/\/www.bbsabogados.com\/ca\/?s={search_term_string}"},"query-input":{"@type":"PropertyValueSpecification","valueRequired":true,"valueName":"search_term_string"}}],"inLanguage":"ca"},{"@type":"Organization","@id":"https:\/\/www.bbsabogados.com\/ca\/#organization","name":"BBS Abogados","url":"https:\/\/www.bbsabogados.com\/ca\/","logo":{"@type":"ImageObject","inLanguage":"ca","@id":"https:\/\/www.bbsabogados.com\/ca\/#\/schema\/logo\/image\/","url":"https:\/\/www.bbsabogados.com\/wp-content\/uploads\/2020\/02\/LOGO_Abogados_BBS.png","contentUrl":"https:\/\/www.bbsabogados.com\/wp-content\/uploads\/2020\/02\/LOGO_Abogados_BBS.png","width":130,"height":83,"caption":"BBS Abogados"},"image":{"@id":"https:\/\/www.bbsabogados.com\/ca\/#\/schema\/logo\/image\/"},"sameAs":["https:\/\/www.linkedin.com\/in\/arcadi-sala-planell-bbs-abogados-29a37516\/","https:\/\/x.com\/bbsabogados","https:\/\/www.facebook.com\/pages\/BBS-Abogados-y-Asesores-Financieros\/161040880606162","https:\/\/www.instagram.com\/bbsabogados\/"]},{"@type":"Person","@id":"https:\/\/www.bbsabogados.com\/ca\/#\/schema\/person\/713a0deadf95fc79d77406bc73f52279","name":"Arcadi Sala-Planell","image":{"@type":"ImageObject","inLanguage":"ca","@id":"https:\/\/secure.gravatar.com\/avatar\/d305bd39cf310b98af953dec4cabbcd5f6c5a2d79f006648755a8493629a7138?s=96&d=mm&r=g","url":"https:\/\/secure.gravatar.com\/avatar\/d305bd39cf310b98af953dec4cabbcd5f6c5a2d79f006648755a8493629a7138?s=96&d=mm&r=g","contentUrl":"https:\/\/secure.gravatar.com\/avatar\/d305bd39cf310b98af953dec4cabbcd5f6c5a2d79f006648755a8493629a7138?s=96&d=mm&r=g","caption":"Arcadi Sala-Planell"}}]}},"_links":{"self":[{"href":"https:\/\/www.bbsabogados.com\/ca\/wp-json\/wp\/v2\/posts\/7624","targetHints":{"allow":["GET"]}}],"collection":[{"href":"https:\/\/www.bbsabogados.com\/ca\/wp-json\/wp\/v2\/posts"}],"about":[{"href":"https:\/\/www.bbsabogados.com\/ca\/wp-json\/wp\/v2\/types\/post"}],"author":[{"embeddable":true,"href":"https:\/\/www.bbsabogados.com\/ca\/wp-json\/wp\/v2\/users\/3"}],"replies":[{"embeddable":true,"href":"https:\/\/www.bbsabogados.com\/ca\/wp-json\/wp\/v2\/comments?post=7624"}],"version-history":[{"count":0,"href":"https:\/\/www.bbsabogados.com\/ca\/wp-json\/wp\/v2\/posts\/7624\/revisions"}],"wp:featuredmedia":[{"embeddable":true,"href":"https:\/\/www.bbsabogados.com\/ca\/wp-json\/wp\/v2\/media\/7469"}],"wp:attachment":[{"href":"https:\/\/www.bbsabogados.com\/ca\/wp-json\/wp\/v2\/media?parent=7624"}],"wp:term":[{"taxonomy":"category","embeddable":true,"href":"https:\/\/www.bbsabogados.com\/ca\/wp-json\/wp\/v2\/categories?post=7624"},{"taxonomy":"post_tag","embeddable":true,"href":"https:\/\/www.bbsabogados.com\/ca\/wp-json\/wp\/v2\/tags?post=7624"}],"curies":[{"name":"wp","href":"https:\/\/api.w.org\/{rel}","templated":true}]}}