{"id":7635,"date":"2022-12-23T08:38:35","date_gmt":"2022-12-23T07:38:35","guid":{"rendered":"https:\/\/www.bbsabogados.com\/la-fundacio-de-titulars-de-cdas-porta-triodos-als-tribunals\/"},"modified":"2026-03-05T17:38:41","modified_gmt":"2026-03-05T16:38:41","slug":"la-fundacio-de-titulars-de-cdas-porta-triodos-als-tribunals","status":"publish","type":"post","link":"https:\/\/www.bbsabogados.com\/ca\/la-fundacio-de-titulars-de-cdas-porta-triodos-als-tribunals\/","title":{"rendered":"La Fundaci\u00f3 de titulars de CDAs porta Triodos als Tribunals."},"content":{"rendered":"\r\n<h3 class=\"wp-block-heading\"><strong>La Fundaci\u00f3 holandesa de titulars de CDA&#8217;s anuncia que ha iniciat una investigaci\u00f3 judicial contra Triodos.<\/strong><\/h3>\r\n\r\n\r\n\r\n<p>El 10 d&#8217;octubre passat la Fundaci\u00f3 de Titulars de CDA de Triodos Bank va anunciar que ha sol\u00b7licitat a la <strong> Cambra d&#8217;Empreses del Tribunal d&#8217;Apel\u00b7lacions d&#8217;Amsterdam<\/strong> que investigui Triodos Bank pel tancament del mercat intern de CDA&#8217;s durant m\u00e9s de dos anys. Aix\u00ed, despr\u00e9s de tant de temps amb el mercat tancat, <strong>la Fundaci\u00f3 de titulars de CDAs<\/strong> <strong>demana una investigaci\u00f3 judicial contra Triodos.<\/strong><\/p>\r\n\r\n\r\n\r\n<h4 class=\"wp-block-heading\"><strong>Qu\u00e8 \u00e9s la Fundaci\u00f3 de titulars de CDA&#8217;s?<\/strong><\/h4>\r\n\r\n\r\n\r\n<p>La <a aria-label=\"undefined (obriu en una pestanya nova)\" href=\"https:\/\/www.stichtingcertificaathouderstriodosbank.nl\/\" target=\"_blank\" rel=\"noreferrer noopener\">Fundaci\u00f3 de t\u00edtols de CDAs<\/a> \u00e9s una fundaci\u00f3 que reuneix milers de clients holandesos i d&#8217;altres pa\u00efsos, inclosos Espanya, que sempre ha optat per la negociaci\u00f3 amb Triodos, a la recerca d&#8217;una soluci\u00f3 amigable i respectuosa. El seu objectiu \u00e9s mantenir Triodos en la seva missi\u00f3 original i defensar els interessos dels titulars de CDA&#8217;s.<\/p>\r\n\r\n\r\n\r\n<p>\u00c9s a dir, \u00e9s la via pac\u00edfica i conciliadora, que aglutina els clients m\u00e9s compromesos amb la missi\u00f3 \u00e8tica original del banc.<\/p>\r\n\r\n\r\n\r\n<h4 class=\"wp-block-heading\">Segons la Fundaci\u00f3, Triodos no ha estat prou transparent. <\/h4>\r\n\r\n\r\n\r\n<p>En aquest comunicat, la Fundaci\u00f3 afirma que les preguntes sobre el tancament del mercat mai no han estat respostes satisfact\u00f2riament per Triodos Bank. Per aix\u00f2, conclouen que <strong>Triodos no ha estat prou transparent <\/strong>i no ha tingut degudament en compte el dany causat als titulars de CDAs.<\/p>\r\n\r\n\r\n\r\n<p>Ara, la Fundaci\u00f3 espera que la investigaci\u00f3 aclareixi com Triodos va poder decidir sobre <strong>mesures que afecten greument els titulars de CDAs.<\/strong><\/p>\r\n\r\n\r\n\r\n<h4 class=\"wp-block-heading\">El sistema multilateral de negociaci\u00f3 comportar\u00e0 unes p\u00e8rdues de m\u00e9s de 400 milions d&#8217;euros.<\/h4>\r\n\r\n\r\n\r\n<p>La Fundaci\u00f3 posa de manifest que el Sistema Multilateral de Negociaci\u00f3 (SMN) afectar\u00e0 els <strong>43.000 titulars de CDAs. <\/strong> <\/p>\r\n\r\n\r\n\r\n<p>Al mateix temps, posa \u00e8mfasi que la introducci\u00f3 de l&#8217;SMN comportar\u00e0 unes <strong>p\u00e8rdues de m\u00e9s de 400 milions d&#8217;euros<\/strong>, tal com ha calculat el mateix Triodos.<\/p>\r\n\r\n\r\n\r\n<p><\/p>\r\n\r\n\r\n\r\n<h4 class=\"wp-block-heading\">Una prova m\u00e9s de la mala gesti\u00f3 de Triodes respecte els CDAs.<\/h4>\r\n\r\n\r\n\r\n<p>L&#8217;anunci que <strong>la Fundaci\u00f3 de titulars de CDA&#8217;s porta Triodos als Tribunals pels CDAS<\/strong> \u00e9s una prova m\u00e9s de la manca de transpar\u00e8ncia i mala gesti\u00f3 de Triodos. Per nosaltres, \u00e9s un altre element a tenir en compte pels jutges quan resolguin les demandes de CDA&#8217;s.<\/p>\r\n\r\n\r\n\r\n<p>Per la seva banda, Triodos lamenta la decisi\u00f3 de la Fundaci\u00f3, al\u00b7legant que podria suposar un retard a l&#8217;inici de la comercialitzaci\u00f3 a la plataforma SMN. (<a aria-label=\"undefined (obriu en una pestanya nova)\" href=\"https:\/\/www.triodos.com\/press-releases\/2022\/triodos-bank-regrets-escalation-and-will-ask- the-enterprise-chamber-to-reject-request-for-investigation\" target=\"_blank\" rel=\"noreferrer noopener\">resposta de Triodes versi\u00f3 angl\u00e8s<\/a>). <\/p>\r\n\r\n\r\n\r\n<p><\/p>\r\n\r\n\r\n\r\n<h4 class=\"wp-block-heading\"><strong>Advocats especialitzats en CDAs de Triodes.<\/strong><\/h4>\r\n\r\n\r\n\r\n<p>Des de&nbsp;<a href=\"http:\/\/www.bbsabogados.com\/\" target=\"_blank\" rel=\"noreferrer noopener\">BBS Advocats<\/a>,&nbsp;<strong>experts en CDAs de Triodos <\/strong>&nbsp;i amb \u00e0mplia experi\u00e8ncia en&nbsp;<strong>productes financers complexos<\/strong>, podem ajudar-lo a recuperar la inversi\u00f3. No dubti en contactar amb nosaltres a trav\u00e9s del nostre&nbsp;<a href=\"https:\/\/www.bbsabogados.com\/ca\/oficines\/\" target=\"_blank\" rel=\"noreferrer noopener\">formulari web<\/a>, escrivint-nos a bbsabogados@bbsabogados.com o trucant al 93.760.53.77.<\/p>\r\n\r\n\r\n\r\n<p><\/p>\r\n\r\n\r\n\r\n<p><\/p>\r\n","protected":false},"excerpt":{"rendered":"<p>La Fundaci\u00f3 holandesa de titulars de CDA&#8217;s anuncia que ha iniciat una investigaci\u00f3 judicial contra Triodos. El 10 d&#8217;octubre passat la Fundaci\u00f3 de Titulars de CDA de Triodos Bank va anunciar que ha sol\u00b7licitat a la Cambra d&#8217;Empreses del Tribunal d&#8217;Apel\u00b7lacions d&#8217;Amsterdam que investigui Triodos Bank pel tancament del mercat intern de CDA&#8217;s durant m\u00e9s [&hellip;]<\/p>\n","protected":false},"author":3,"featured_media":7303,"comment_status":"closed","ping_status":"closed","sticky":false,"template":"","format":"standard","meta":{"_acf_changed":false,"_monsterinsights_skip_tracking":false,"_monsterinsights_sitenote_active":false,"_monsterinsights_sitenote_note":"","_monsterinsights_sitenote_category":0,"footnotes":""},"categories":[272],"tags":[],"class_list":["post-7635","post","type-post","status-publish","format-standard","has-post-thumbnail","hentry","category-cda-triodos-bank-certificat-de-diposits-per-a-accions"],"acf":[],"yoast_head":"<!-- This site is optimized with the Yoast SEO plugin v27.2 - https:\/\/yoast.com\/product\/yoast-seo-wordpress\/ -->\n<title>La Fundaci\u00f3 de titulars de CDAs porta Triodos als Tribunals<\/title>\n<meta name=\"description\" content=\"La Fundaci\u00f3 de titulars de CDAs porta Triodos als Tribunals. Triodes no ha estat prou transparent amb els CDAs\" \/>\n<meta name=\"robots\" content=\"index, follow, max-snippet:-1, max-image-preview:large, max-video-preview:-1\" \/>\n<link rel=\"canonical\" href=\"https:\/\/www.bbsabogados.com\/ca\/la-fundacio-de-titulars-de-cdas-porta-triodos-als-tribunals\/\" \/>\n<meta property=\"og:locale\" content=\"ca_ES\" \/>\n<meta property=\"og:type\" content=\"article\" \/>\n<meta property=\"og:title\" content=\"La Fundaci\u00f3 de titulars de CDAs porta Triodos als Tribunals\" \/>\n<meta property=\"og:description\" content=\"La Fundaci\u00f3 de titulars de CDAs porta Triodos als Tribunals. Triodes no ha estat prou transparent amb els CDAs\" \/>\n<meta property=\"og:url\" content=\"https:\/\/www.bbsabogados.com\/ca\/la-fundacio-de-titulars-de-cdas-porta-triodos-als-tribunals\/\" \/>\n<meta property=\"og:site_name\" content=\"Despacho BBS Abogados\" \/>\n<meta property=\"article:publisher\" content=\"https:\/\/www.linkedin.com\/in\/arcadi-sala-planell-bbs-abogados-29a37516\/\" \/>\n<meta property=\"article:published_time\" content=\"2022-12-23T07:38:35+00:00\" \/>\n<meta property=\"article:modified_time\" content=\"2026-03-05T16:38:41+00:00\" \/>\n<meta property=\"og:image\" content=\"https:\/\/www.bbsabogados.com\/wp-content\/uploads\/2022\/10\/triodos-denuncia-amsterdam2.jpg\" \/>\n\t<meta property=\"og:image:width\" content=\"720\" \/>\n\t<meta property=\"og:image:height\" content=\"402\" \/>\n\t<meta property=\"og:image:type\" content=\"image\/jpeg\" \/>\n<meta name=\"author\" content=\"Arcadi Sala-Planell\" \/>\n<meta name=\"twitter:card\" content=\"summary_large_image\" \/>\n<meta name=\"twitter:creator\" content=\"@bbsabogados\" \/>\n<meta name=\"twitter:site\" content=\"@bbsabogados\" \/>\n<meta name=\"twitter:label1\" content=\"Escrit per\" \/>\n\t<meta name=\"twitter:data1\" content=\"Arcadi Sala-Planell\" \/>\n\t<meta name=\"twitter:label2\" content=\"Temps estimat de lectura\" \/>\n\t<meta name=\"twitter:data2\" content=\"3 minuts\" \/>\n<script type=\"application\/ld+json\" class=\"yoast-schema-graph\">{\"@context\":\"https:\/\/schema.org\",\"@graph\":[{\"@type\":\"Article\",\"@id\":\"https:\/\/www.bbsabogados.com\/ca\/la-fundacio-de-titulars-de-cdas-porta-triodos-als-tribunals\/#article\",\"isPartOf\":{\"@id\":\"https:\/\/www.bbsabogados.com\/ca\/la-fundacio-de-titulars-de-cdas-porta-triodos-als-tribunals\/\"},\"author\":{\"name\":\"Arcadi Sala-Planell\",\"@id\":\"https:\/\/www.bbsabogados.com\/ca\/#\/schema\/person\/713a0deadf95fc79d77406bc73f52279\"},\"headline\":\"La Fundaci\u00f3 de titulars de CDAs porta Triodos als Tribunals.\",\"datePublished\":\"2022-12-23T07:38:35+00:00\",\"dateModified\":\"2026-03-05T16:38:41+00:00\",\"mainEntityOfPage\":{\"@id\":\"https:\/\/www.bbsabogados.com\/ca\/la-fundacio-de-titulars-de-cdas-porta-triodos-als-tribunals\/\"},\"wordCount\":488,\"publisher\":{\"@id\":\"https:\/\/www.bbsabogados.com\/ca\/#organization\"},\"image\":{\"@id\":\"https:\/\/www.bbsabogados.com\/ca\/la-fundacio-de-titulars-de-cdas-porta-triodos-als-tribunals\/#primaryimage\"},\"thumbnailUrl\":\"https:\/\/www.bbsabogados.com\/wp-content\/uploads\/2022\/10\/triodos-denuncia-amsterdam2.jpg\",\"articleSection\":[\"CDA Triodos Bank Certificat de Dip\u00f2sits per a Accions\"],\"inLanguage\":\"ca\"},{\"@type\":\"WebPage\",\"@id\":\"https:\/\/www.bbsabogados.com\/ca\/la-fundacio-de-titulars-de-cdas-porta-triodos-als-tribunals\/\",\"url\":\"https:\/\/www.bbsabogados.com\/ca\/la-fundacio-de-titulars-de-cdas-porta-triodos-als-tribunals\/\",\"name\":\"La Fundaci\u00f3 de titulars de CDAs porta Triodos als Tribunals\",\"isPartOf\":{\"@id\":\"https:\/\/www.bbsabogados.com\/ca\/#website\"},\"primaryImageOfPage\":{\"@id\":\"https:\/\/www.bbsabogados.com\/ca\/la-fundacio-de-titulars-de-cdas-porta-triodos-als-tribunals\/#primaryimage\"},\"image\":{\"@id\":\"https:\/\/www.bbsabogados.com\/ca\/la-fundacio-de-titulars-de-cdas-porta-triodos-als-tribunals\/#primaryimage\"},\"thumbnailUrl\":\"https:\/\/www.bbsabogados.com\/wp-content\/uploads\/2022\/10\/triodos-denuncia-amsterdam2.jpg\",\"datePublished\":\"2022-12-23T07:38:35+00:00\",\"dateModified\":\"2026-03-05T16:38:41+00:00\",\"description\":\"La Fundaci\u00f3 de titulars de CDAs porta Triodos als Tribunals. Triodes no ha estat prou transparent amb els CDAs\",\"breadcrumb\":{\"@id\":\"https:\/\/www.bbsabogados.com\/ca\/la-fundacio-de-titulars-de-cdas-porta-triodos-als-tribunals\/#breadcrumb\"},\"inLanguage\":\"ca\",\"potentialAction\":[{\"@type\":\"ReadAction\",\"target\":[\"https:\/\/www.bbsabogados.com\/ca\/la-fundacio-de-titulars-de-cdas-porta-triodos-als-tribunals\/\"]}]},{\"@type\":\"ImageObject\",\"inLanguage\":\"ca\",\"@id\":\"https:\/\/www.bbsabogados.com\/ca\/la-fundacio-de-titulars-de-cdas-porta-triodos-als-tribunals\/#primaryimage\",\"url\":\"https:\/\/www.bbsabogados.com\/wp-content\/uploads\/2022\/10\/triodos-denuncia-amsterdam2.jpg\",\"contentUrl\":\"https:\/\/www.bbsabogados.com\/wp-content\/uploads\/2022\/10\/triodos-denuncia-amsterdam2.jpg\",\"width\":720,\"height\":402,\"caption\":\"La Fundaci\u00f3n de titulares de CDAs lleva a Triodos a los Tribunales.\"},{\"@type\":\"BreadcrumbList\",\"@id\":\"https:\/\/www.bbsabogados.com\/ca\/la-fundacio-de-titulars-de-cdas-porta-triodos-als-tribunals\/#breadcrumb\",\"itemListElement\":[{\"@type\":\"ListItem\",\"position\":1,\"name\":\"Inicio\",\"item\":\"https:\/\/www.bbsabogados.com\/ca\/\"},{\"@type\":\"ListItem\",\"position\":2,\"name\":\"CDA Triodos Bank Certificat de Dip\u00f2sits per a Accions\",\"item\":\"https:\/\/www.bbsabogados.com\/ca\/categoria\/cda-triodos-bank-certificat-de-diposits-per-a-accions\/\"},{\"@type\":\"ListItem\",\"position\":3,\"name\":\"La Fundaci\u00f3 de titulars de CDAs porta Triodos als Tribunals.\"}]},{\"@type\":\"WebSite\",\"@id\":\"https:\/\/www.bbsabogados.com\/ca\/#website\",\"url\":\"https:\/\/www.bbsabogados.com\/ca\/\",\"name\":\"BBS Abogados\",\"description\":\"Expertos en Derecho Bancario y Financiero\",\"publisher\":{\"@id\":\"https:\/\/www.bbsabogados.com\/ca\/#organization\"},\"potentialAction\":[{\"@type\":\"SearchAction\",\"target\":{\"@type\":\"EntryPoint\",\"urlTemplate\":\"https:\/\/www.bbsabogados.com\/ca\/?s={search_term_string}\"},\"query-input\":{\"@type\":\"PropertyValueSpecification\",\"valueRequired\":true,\"valueName\":\"search_term_string\"}}],\"inLanguage\":\"ca\"},{\"@type\":\"Organization\",\"@id\":\"https:\/\/www.bbsabogados.com\/ca\/#organization\",\"name\":\"BBS Abogados\",\"url\":\"https:\/\/www.bbsabogados.com\/ca\/\",\"logo\":{\"@type\":\"ImageObject\",\"inLanguage\":\"ca\",\"@id\":\"https:\/\/www.bbsabogados.com\/ca\/#\/schema\/logo\/image\/\",\"url\":\"https:\/\/www.bbsabogados.com\/wp-content\/uploads\/2020\/02\/LOGO_Abogados_BBS.png\",\"contentUrl\":\"https:\/\/www.bbsabogados.com\/wp-content\/uploads\/2020\/02\/LOGO_Abogados_BBS.png\",\"width\":130,\"height\":83,\"caption\":\"BBS Abogados\"},\"image\":{\"@id\":\"https:\/\/www.bbsabogados.com\/ca\/#\/schema\/logo\/image\/\"},\"sameAs\":[\"https:\/\/www.linkedin.com\/in\/arcadi-sala-planell-bbs-abogados-29a37516\/\",\"https:\/\/x.com\/bbsabogados\",\"https:\/\/www.facebook.com\/pages\/BBS-Abogados-y-Asesores-Financieros\/161040880606162\",\"https:\/\/www.instagram.com\/bbsabogados\/\"]},{\"@type\":\"Person\",\"@id\":\"https:\/\/www.bbsabogados.com\/ca\/#\/schema\/person\/713a0deadf95fc79d77406bc73f52279\",\"name\":\"Arcadi Sala-Planell\",\"image\":{\"@type\":\"ImageObject\",\"inLanguage\":\"ca\",\"@id\":\"https:\/\/secure.gravatar.com\/avatar\/d305bd39cf310b98af953dec4cabbcd5f6c5a2d79f006648755a8493629a7138?s=96&d=mm&r=g\",\"url\":\"https:\/\/secure.gravatar.com\/avatar\/d305bd39cf310b98af953dec4cabbcd5f6c5a2d79f006648755a8493629a7138?s=96&d=mm&r=g\",\"contentUrl\":\"https:\/\/secure.gravatar.com\/avatar\/d305bd39cf310b98af953dec4cabbcd5f6c5a2d79f006648755a8493629a7138?s=96&d=mm&r=g\",\"caption\":\"Arcadi Sala-Planell\"}}]}<\/script>\n<!-- \/ Yoast SEO plugin. -->","yoast_head_json":{"title":"La Fundaci\u00f3 de titulars de CDAs porta Triodos als Tribunals","description":"La Fundaci\u00f3 de titulars de CDAs porta Triodos als Tribunals. Triodes no ha estat prou transparent amb els CDAs","robots":{"index":"index","follow":"follow","max-snippet":"max-snippet:-1","max-image-preview":"max-image-preview:large","max-video-preview":"max-video-preview:-1"},"canonical":"https:\/\/www.bbsabogados.com\/ca\/la-fundacio-de-titulars-de-cdas-porta-triodos-als-tribunals\/","og_locale":"ca_ES","og_type":"article","og_title":"La Fundaci\u00f3 de titulars de CDAs porta Triodos als Tribunals","og_description":"La Fundaci\u00f3 de titulars de CDAs porta Triodos als Tribunals. Triodes no ha estat prou transparent amb els CDAs","og_url":"https:\/\/www.bbsabogados.com\/ca\/la-fundacio-de-titulars-de-cdas-porta-triodos-als-tribunals\/","og_site_name":"Despacho BBS Abogados","article_publisher":"https:\/\/www.linkedin.com\/in\/arcadi-sala-planell-bbs-abogados-29a37516\/","article_published_time":"2022-12-23T07:38:35+00:00","article_modified_time":"2026-03-05T16:38:41+00:00","og_image":[{"width":720,"height":402,"url":"https:\/\/www.bbsabogados.com\/wp-content\/uploads\/2022\/10\/triodos-denuncia-amsterdam2.jpg","type":"image\/jpeg"}],"author":"Arcadi Sala-Planell","twitter_card":"summary_large_image","twitter_creator":"@bbsabogados","twitter_site":"@bbsabogados","twitter_misc":{"Escrit per":"Arcadi Sala-Planell","Temps estimat de lectura":"3 minuts"},"schema":{"@context":"https:\/\/schema.org","@graph":[{"@type":"Article","@id":"https:\/\/www.bbsabogados.com\/ca\/la-fundacio-de-titulars-de-cdas-porta-triodos-als-tribunals\/#article","isPartOf":{"@id":"https:\/\/www.bbsabogados.com\/ca\/la-fundacio-de-titulars-de-cdas-porta-triodos-als-tribunals\/"},"author":{"name":"Arcadi Sala-Planell","@id":"https:\/\/www.bbsabogados.com\/ca\/#\/schema\/person\/713a0deadf95fc79d77406bc73f52279"},"headline":"La Fundaci\u00f3 de titulars de CDAs porta Triodos als Tribunals.","datePublished":"2022-12-23T07:38:35+00:00","dateModified":"2026-03-05T16:38:41+00:00","mainEntityOfPage":{"@id":"https:\/\/www.bbsabogados.com\/ca\/la-fundacio-de-titulars-de-cdas-porta-triodos-als-tribunals\/"},"wordCount":488,"publisher":{"@id":"https:\/\/www.bbsabogados.com\/ca\/#organization"},"image":{"@id":"https:\/\/www.bbsabogados.com\/ca\/la-fundacio-de-titulars-de-cdas-porta-triodos-als-tribunals\/#primaryimage"},"thumbnailUrl":"https:\/\/www.bbsabogados.com\/wp-content\/uploads\/2022\/10\/triodos-denuncia-amsterdam2.jpg","articleSection":["CDA Triodos Bank Certificat de Dip\u00f2sits per a Accions"],"inLanguage":"ca"},{"@type":"WebPage","@id":"https:\/\/www.bbsabogados.com\/ca\/la-fundacio-de-titulars-de-cdas-porta-triodos-als-tribunals\/","url":"https:\/\/www.bbsabogados.com\/ca\/la-fundacio-de-titulars-de-cdas-porta-triodos-als-tribunals\/","name":"La Fundaci\u00f3 de titulars de CDAs porta Triodos als Tribunals","isPartOf":{"@id":"https:\/\/www.bbsabogados.com\/ca\/#website"},"primaryImageOfPage":{"@id":"https:\/\/www.bbsabogados.com\/ca\/la-fundacio-de-titulars-de-cdas-porta-triodos-als-tribunals\/#primaryimage"},"image":{"@id":"https:\/\/www.bbsabogados.com\/ca\/la-fundacio-de-titulars-de-cdas-porta-triodos-als-tribunals\/#primaryimage"},"thumbnailUrl":"https:\/\/www.bbsabogados.com\/wp-content\/uploads\/2022\/10\/triodos-denuncia-amsterdam2.jpg","datePublished":"2022-12-23T07:38:35+00:00","dateModified":"2026-03-05T16:38:41+00:00","description":"La Fundaci\u00f3 de titulars de CDAs porta Triodos als Tribunals. Triodes no ha estat prou transparent amb els CDAs","breadcrumb":{"@id":"https:\/\/www.bbsabogados.com\/ca\/la-fundacio-de-titulars-de-cdas-porta-triodos-als-tribunals\/#breadcrumb"},"inLanguage":"ca","potentialAction":[{"@type":"ReadAction","target":["https:\/\/www.bbsabogados.com\/ca\/la-fundacio-de-titulars-de-cdas-porta-triodos-als-tribunals\/"]}]},{"@type":"ImageObject","inLanguage":"ca","@id":"https:\/\/www.bbsabogados.com\/ca\/la-fundacio-de-titulars-de-cdas-porta-triodos-als-tribunals\/#primaryimage","url":"https:\/\/www.bbsabogados.com\/wp-content\/uploads\/2022\/10\/triodos-denuncia-amsterdam2.jpg","contentUrl":"https:\/\/www.bbsabogados.com\/wp-content\/uploads\/2022\/10\/triodos-denuncia-amsterdam2.jpg","width":720,"height":402,"caption":"La Fundaci\u00f3n de titulares de CDAs lleva a Triodos a los Tribunales."},{"@type":"BreadcrumbList","@id":"https:\/\/www.bbsabogados.com\/ca\/la-fundacio-de-titulars-de-cdas-porta-triodos-als-tribunals\/#breadcrumb","itemListElement":[{"@type":"ListItem","position":1,"name":"Inicio","item":"https:\/\/www.bbsabogados.com\/ca\/"},{"@type":"ListItem","position":2,"name":"CDA Triodos Bank Certificat de Dip\u00f2sits per a Accions","item":"https:\/\/www.bbsabogados.com\/ca\/categoria\/cda-triodos-bank-certificat-de-diposits-per-a-accions\/"},{"@type":"ListItem","position":3,"name":"La Fundaci\u00f3 de titulars de CDAs porta Triodos als Tribunals."}]},{"@type":"WebSite","@id":"https:\/\/www.bbsabogados.com\/ca\/#website","url":"https:\/\/www.bbsabogados.com\/ca\/","name":"BBS Abogados","description":"Expertos en Derecho Bancario y Financiero","publisher":{"@id":"https:\/\/www.bbsabogados.com\/ca\/#organization"},"potentialAction":[{"@type":"SearchAction","target":{"@type":"EntryPoint","urlTemplate":"https:\/\/www.bbsabogados.com\/ca\/?s={search_term_string}"},"query-input":{"@type":"PropertyValueSpecification","valueRequired":true,"valueName":"search_term_string"}}],"inLanguage":"ca"},{"@type":"Organization","@id":"https:\/\/www.bbsabogados.com\/ca\/#organization","name":"BBS Abogados","url":"https:\/\/www.bbsabogados.com\/ca\/","logo":{"@type":"ImageObject","inLanguage":"ca","@id":"https:\/\/www.bbsabogados.com\/ca\/#\/schema\/logo\/image\/","url":"https:\/\/www.bbsabogados.com\/wp-content\/uploads\/2020\/02\/LOGO_Abogados_BBS.png","contentUrl":"https:\/\/www.bbsabogados.com\/wp-content\/uploads\/2020\/02\/LOGO_Abogados_BBS.png","width":130,"height":83,"caption":"BBS Abogados"},"image":{"@id":"https:\/\/www.bbsabogados.com\/ca\/#\/schema\/logo\/image\/"},"sameAs":["https:\/\/www.linkedin.com\/in\/arcadi-sala-planell-bbs-abogados-29a37516\/","https:\/\/x.com\/bbsabogados","https:\/\/www.facebook.com\/pages\/BBS-Abogados-y-Asesores-Financieros\/161040880606162","https:\/\/www.instagram.com\/bbsabogados\/"]},{"@type":"Person","@id":"https:\/\/www.bbsabogados.com\/ca\/#\/schema\/person\/713a0deadf95fc79d77406bc73f52279","name":"Arcadi Sala-Planell","image":{"@type":"ImageObject","inLanguage":"ca","@id":"https:\/\/secure.gravatar.com\/avatar\/d305bd39cf310b98af953dec4cabbcd5f6c5a2d79f006648755a8493629a7138?s=96&d=mm&r=g","url":"https:\/\/secure.gravatar.com\/avatar\/d305bd39cf310b98af953dec4cabbcd5f6c5a2d79f006648755a8493629a7138?s=96&d=mm&r=g","contentUrl":"https:\/\/secure.gravatar.com\/avatar\/d305bd39cf310b98af953dec4cabbcd5f6c5a2d79f006648755a8493629a7138?s=96&d=mm&r=g","caption":"Arcadi Sala-Planell"}}]}},"_links":{"self":[{"href":"https:\/\/www.bbsabogados.com\/ca\/wp-json\/wp\/v2\/posts\/7635","targetHints":{"allow":["GET"]}}],"collection":[{"href":"https:\/\/www.bbsabogados.com\/ca\/wp-json\/wp\/v2\/posts"}],"about":[{"href":"https:\/\/www.bbsabogados.com\/ca\/wp-json\/wp\/v2\/types\/post"}],"author":[{"embeddable":true,"href":"https:\/\/www.bbsabogados.com\/ca\/wp-json\/wp\/v2\/users\/3"}],"replies":[{"embeddable":true,"href":"https:\/\/www.bbsabogados.com\/ca\/wp-json\/wp\/v2\/comments?post=7635"}],"version-history":[{"count":2,"href":"https:\/\/www.bbsabogados.com\/ca\/wp-json\/wp\/v2\/posts\/7635\/revisions"}],"predecessor-version":[{"id":14751,"href":"https:\/\/www.bbsabogados.com\/ca\/wp-json\/wp\/v2\/posts\/7635\/revisions\/14751"}],"wp:featuredmedia":[{"embeddable":true,"href":"https:\/\/www.bbsabogados.com\/ca\/wp-json\/wp\/v2\/media\/7303"}],"wp:attachment":[{"href":"https:\/\/www.bbsabogados.com\/ca\/wp-json\/wp\/v2\/media?parent=7635"}],"wp:term":[{"taxonomy":"category","embeddable":true,"href":"https:\/\/www.bbsabogados.com\/ca\/wp-json\/wp\/v2\/categories?post=7635"},{"taxonomy":"post_tag","embeddable":true,"href":"https:\/\/www.bbsabogados.com\/ca\/wp-json\/wp\/v2\/tags?post=7635"}],"curies":[{"name":"wp","href":"https:\/\/api.w.org\/{rel}","templated":true}]}}