{"id":7672,"date":"2022-12-23T09:18:32","date_gmt":"2022-12-23T08:18:32","guid":{"rendered":"https:\/\/www.bbsabogados.com\/nou-valor-de-referencia-per-a-compravendes-dimmobles-el-2022\/"},"modified":"2026-03-06T06:18:08","modified_gmt":"2026-03-06T05:18:08","slug":"nou-valor-de-referencia-per-a-compravendes-dimmobles-el-2022","status":"publish","type":"post","link":"https:\/\/www.bbsabogados.com\/ca\/nou-valor-de-referencia-per-a-compravendes-dimmobles-el-2022\/","title":{"rendered":"Nou valor de refer\u00e8ncia per a compravendes d&#8217;immobles el 2022."},"content":{"rendered":"\n<h3 class=\"wp-block-heading\"><strong>A partir del 2022 s&#8217;aplicar\u00e0 un nou valor de refer\u00e8ncia que augmentar\u00e0 els impostos a compravendes, her\u00e8ncies i donacions d&#8217;immobles. <\/strong><\/h3>\n\n\n\n<p>El dissabte 10 de juliol de 2021 es va publicar la <strong><a aria-label=\"undefined (obriu en una nova pestanya)\" href=\"https:\/\/www.boe.es\/buscar\/doc.php ?id=BOE-A-2021-11473\" target=\"_blank\" rel=\"noreferrer noopener\">Llei 11\/2021 de lluita contra el frau fiscal,<\/a><\/strong> que entre altres coses introdueix modificacions en diversos tributs que afecten els immobles. La novetat m\u00e9s gran \u00e9s el n<strong>ou valor de refer\u00e8ncia de Cadastre per a compravendes, her\u00e8ncies i donacions d&#8217;immobles el 2022. <\/strong><\/p>\n\n\n\n<h4 class=\"wp-block-heading\"><strong>Quin \u00e9s el nou valor de refer\u00e8ncia de Cadastre?<\/strong><\/h4>\n\n\n\n<p><strong>El nou valor de refer\u00e8ncia el determina la Direcci\u00f3 General del Cadastre<\/strong>, &nbsp;i <strong>&nbsp;es basa en el c\u00e0lcul a partir de preus de transaccions d&#8217;immobles<\/strong>&nbsp; ;que es fan davant de notari i en funci\u00f3 de les caracter\u00edstiques cadastrals de cada propietat.&nbsp;Aquest valor pret\u00e9n reflectir una xifra propera al valor de mercat.<\/p>\n\n\n\n<h4 class=\"wp-block-heading\"><strong>Com era la regulaci\u00f3 fins al 2022?<\/strong><\/h4>\n\n\n\n<p>Fins ara, en la transmissi\u00f3 d&#8217;un immoble es podia escripturar pel <strong>valor cadastral multiplicat per un coeficient.<\/strong> No obstant aix\u00f2, a partir del 2022, haurem d&#8217;escripturar per aquest nou valor de refer\u00e8ncia, normalment m\u00e9s alt.<\/p>\n\n\n\n<h4 class=\"wp-block-heading\"><strong>A quins impostos afecta el nou valor de refer\u00e8ncia?<\/strong><\/h4>\n\n\n\n<p>El nou valor de refer\u00e8ncia de Cadastre ser\u00e0, a partir del 2022, l<strong>a base imposable de l&#8217;Impost de Transmissions Patrimonials i Actes Jur\u00eddics Documentats (ITPAJD), i de l&#8217;Impost de Successions i Donacions (ISyD)<\/ strong><\/p>\n\n\n\n<p>A la pr\u00e0ctica, significa que el nou valor de refer\u00e8ncia de Cadastre ser\u00e0 el valor m\u00ednim pel qual tributar si es compra un habitatge o s&#8217;hereta una casa. Aix\u00f2 fa que augmentin els impostos.<\/p>\n\n\n\n<p>Aix\u00ed mateix, <strong>tamb\u00e9 afectar\u00e0 l&#8217;impost sobre el patrimoni<\/strong>. Fins ara, els contribuents havien de declarar en aquest impost pel major dels valors seg\u00fcents: El valor cadastral, el comprovat per l&#8217;Administraci\u00f3 a efectes d&#8217;altres tributs, o el preu, la contraprestaci\u00f3 o el valor de l&#8217;adquisici\u00f3. <\/p>\n\n\n\n<p>Doncs b\u00e9, a partir de l&#8217;any que ve, l&#8217;obligaci\u00f3 \u00e9s la de valorar els immobles pel m\u00e9s gran d&#8217;aquests tres valors: El valor cadastral,&nbsp;<em><strong>l&#8217;determinat&nbsp;o comprovat per l&#8217;Administraci\u00f3 a efectes d&#8217;altres tributs<\/strong>,<\/em> o el preu, la contraprestaci\u00f3 o el valor de l&#8217;adquisici\u00f3. En definitiva, <strong>s&#8217;obliga els contribuents a tenir en compte el nou valor de refer\u00e8ncia de cadastre en declarar l&#8217;impost<\/strong>.<\/p>\n\n\n\n<h4 class=\"wp-block-heading\"><strong>Qu\u00e8 passa si segueixo escripturant pel valor cadastral multiplicat pel coeficient?<\/strong><\/h4>\n\n\n\n<p>Si no s&#8217;escriptura conforme el nou valor de refer\u00e8ncia, sin\u00f3 un valor inferior, la hisenda auton\u00f2mica us obligar\u00e0 a tributar pel valor que us indiqui la nova valoraci\u00f3 de Cadastre, mitjan\u00e7ant una <strong>comprovaci\u00f3 de valors.<\/strong> A m\u00e9s, el contribuent podria ser <strong>sancionat<\/strong> per no haver tributat conforme a la base imposable prevista a la Llei.<\/p>\n\n\n\n<h4 class=\"wp-block-heading\"><strong>BBS Advocats, especialistes en Dret Fiscal.<\/strong><\/h4>\n\n\n\n<p>Des de <strong><a href=\"http:\/\/www.bbsabogados.com\" target=\"_blank\" aria-label=\"undefined (obriu en una pestanya nova)\" rel=\"noreferrer noopener\">BBS Advocats <\/a><\/strong>&nbsp;oferim <strong>assessorament fiscal especialitzat<\/strong>. En cas de qualsevol dubte no dubteu a consultar-nos. Podeu fer-ho a trav\u00e9s del <a href=\"https:\/\/www.bbsabogados.com\/oficines\/\" target=\"_blank\" aria-label=\"undefined (obriu en una pestanya nova)\" rel=\"noreferrer noopener\">formulari de contacte<\/a>, trucant al 937605377 o enviant un correu electr\u00f2nic a bbsabogados@bbsabogados.com<\/p>\n","protected":false},"excerpt":{"rendered":"<p>A partir del 2022 s&#8217;aplicar\u00e0 un nou valor de refer\u00e8ncia que augmentar\u00e0 els impostos a compravendes, her\u00e8ncies i donacions d&#8217;immobles. El dissabte 10 de juliol de 2021 es va publicar la Llei 11\/2021 de lluita contra el frau fiscal, que entre altres coses introdueix modificacions en diversos tributs que afecten els immobles. La novetat m\u00e9s [&hellip;]<\/p>\n","protected":false},"author":3,"featured_media":6088,"comment_status":"closed","ping_status":"closed","sticky":false,"template":"","format":"standard","meta":{"_acf_changed":false,"_monsterinsights_skip_tracking":false,"_monsterinsights_sitenote_active":false,"_monsterinsights_sitenote_note":"","_monsterinsights_sitenote_category":0,"footnotes":""},"categories":[270,289,269,341],"tags":[],"class_list":["post-7672","post","type-post","status-publish","format-standard","has-post-thumbnail","hentry","category-assesorament-hipoteques","category-dret-gestio-immobiliaria-ca","category-noticies-juridiques-novetats-legals-rellevants","category-noticies-juridiques"],"acf":[],"yoast_head":"<!-- This site is optimized with the Yoast SEO plugin v27.2 - https:\/\/yoast.com\/product\/yoast-seo-wordpress\/ -->\n<title>Nou valor de refer\u00e8ncia per a compravendes d&#039;immobles el 2022.<\/title>\n<meta name=\"description\" content=\"Nou valor de refer\u00e8ncia per a compravendes d&#039;immobles el 2022. El nou valor de refer\u00e8ncia el determina la Direcci\u00f3 General del Cadastre\" \/>\n<meta name=\"robots\" content=\"index, follow, max-snippet:-1, max-image-preview:large, max-video-preview:-1\" \/>\n<link rel=\"canonical\" href=\"https:\/\/www.bbsabogados.com\/ca\/nou-valor-de-referencia-per-a-compravendes-dimmobles-el-2022\/\" \/>\n<meta property=\"og:locale\" content=\"ca_ES\" \/>\n<meta property=\"og:type\" content=\"article\" \/>\n<meta property=\"og:title\" content=\"Nou valor de refer\u00e8ncia per a compravendes d&#039;immobles el 2022.\" \/>\n<meta property=\"og:description\" content=\"Nou valor de refer\u00e8ncia per a compravendes d&#039;immobles el 2022. El nou valor de refer\u00e8ncia el determina la Direcci\u00f3 General del Cadastre\" \/>\n<meta property=\"og:url\" content=\"https:\/\/www.bbsabogados.com\/ca\/nou-valor-de-referencia-per-a-compravendes-dimmobles-el-2022\/\" \/>\n<meta property=\"og:site_name\" content=\"Despacho BBS Abogados\" \/>\n<meta property=\"article:publisher\" content=\"https:\/\/www.linkedin.com\/in\/arcadi-sala-planell-bbs-abogados-29a37516\/\" \/>\n<meta property=\"article:published_time\" content=\"2022-12-23T08:18:32+00:00\" \/>\n<meta property=\"article:modified_time\" content=\"2026-03-06T05:18:08+00:00\" \/>\n<meta property=\"og:image\" content=\"https:\/\/www.bbsabogados.com\/wp-content\/uploads\/2021\/11\/nuevo_valor_referencia_inmuebles_2022-2.jpg\" \/>\n\t<meta property=\"og:image:width\" content=\"720\" \/>\n\t<meta property=\"og:image:height\" content=\"402\" \/>\n\t<meta property=\"og:image:type\" content=\"image\/jpeg\" \/>\n<meta name=\"author\" content=\"Arcadi Sala-Planell\" \/>\n<meta name=\"twitter:card\" content=\"summary_large_image\" \/>\n<meta name=\"twitter:creator\" content=\"@bbsabogados\" \/>\n<meta name=\"twitter:site\" content=\"@bbsabogados\" \/>\n<meta name=\"twitter:label1\" content=\"Escrit per\" \/>\n\t<meta name=\"twitter:data1\" content=\"Arcadi Sala-Planell\" \/>\n\t<meta name=\"twitter:label2\" content=\"Temps estimat de lectura\" \/>\n\t<meta name=\"twitter:data2\" content=\"3 minuts\" \/>\n<script type=\"application\/ld+json\" class=\"yoast-schema-graph\">{\"@context\":\"https:\/\/schema.org\",\"@graph\":[{\"@type\":\"Article\",\"@id\":\"https:\/\/www.bbsabogados.com\/ca\/nou-valor-de-referencia-per-a-compravendes-dimmobles-el-2022\/#article\",\"isPartOf\":{\"@id\":\"https:\/\/www.bbsabogados.com\/ca\/nou-valor-de-referencia-per-a-compravendes-dimmobles-el-2022\/\"},\"author\":{\"name\":\"Arcadi Sala-Planell\",\"@id\":\"https:\/\/www.bbsabogados.com\/ca\/#\/schema\/person\/713a0deadf95fc79d77406bc73f52279\"},\"headline\":\"Nou valor de refer\u00e8ncia per a compravendes d&#8217;immobles el 2022.\",\"datePublished\":\"2022-12-23T08:18:32+00:00\",\"dateModified\":\"2026-03-06T05:18:08+00:00\",\"mainEntityOfPage\":{\"@id\":\"https:\/\/www.bbsabogados.com\/ca\/nou-valor-de-referencia-per-a-compravendes-dimmobles-el-2022\/\"},\"wordCount\":526,\"publisher\":{\"@id\":\"https:\/\/www.bbsabogados.com\/ca\/#organization\"},\"image\":{\"@id\":\"https:\/\/www.bbsabogados.com\/ca\/nou-valor-de-referencia-per-a-compravendes-dimmobles-el-2022\/#primaryimage\"},\"thumbnailUrl\":\"https:\/\/www.bbsabogados.com\/wp-content\/uploads\/2021\/11\/nuevo_valor_referencia_inmuebles_2022-2.jpg\",\"articleSection\":[\"Assessorament hipoteques\",\"Dret Gesti\u00f3 Immobili\u00e0ria\",\"Not\u00edcies Jur\u00eddiques\",\"Noticies Juridiques\"],\"inLanguage\":\"ca\"},{\"@type\":\"WebPage\",\"@id\":\"https:\/\/www.bbsabogados.com\/ca\/nou-valor-de-referencia-per-a-compravendes-dimmobles-el-2022\/\",\"url\":\"https:\/\/www.bbsabogados.com\/ca\/nou-valor-de-referencia-per-a-compravendes-dimmobles-el-2022\/\",\"name\":\"Nou valor de refer\u00e8ncia per a compravendes d'immobles el 2022.\",\"isPartOf\":{\"@id\":\"https:\/\/www.bbsabogados.com\/ca\/#website\"},\"primaryImageOfPage\":{\"@id\":\"https:\/\/www.bbsabogados.com\/ca\/nou-valor-de-referencia-per-a-compravendes-dimmobles-el-2022\/#primaryimage\"},\"image\":{\"@id\":\"https:\/\/www.bbsabogados.com\/ca\/nou-valor-de-referencia-per-a-compravendes-dimmobles-el-2022\/#primaryimage\"},\"thumbnailUrl\":\"https:\/\/www.bbsabogados.com\/wp-content\/uploads\/2021\/11\/nuevo_valor_referencia_inmuebles_2022-2.jpg\",\"datePublished\":\"2022-12-23T08:18:32+00:00\",\"dateModified\":\"2026-03-06T05:18:08+00:00\",\"description\":\"Nou valor de refer\u00e8ncia per a compravendes d'immobles el 2022. El nou valor de refer\u00e8ncia el determina la Direcci\u00f3 General del Cadastre\",\"breadcrumb\":{\"@id\":\"https:\/\/www.bbsabogados.com\/ca\/nou-valor-de-referencia-per-a-compravendes-dimmobles-el-2022\/#breadcrumb\"},\"inLanguage\":\"ca\",\"potentialAction\":[{\"@type\":\"ReadAction\",\"target\":[\"https:\/\/www.bbsabogados.com\/ca\/nou-valor-de-referencia-per-a-compravendes-dimmobles-el-2022\/\"]}]},{\"@type\":\"ImageObject\",\"inLanguage\":\"ca\",\"@id\":\"https:\/\/www.bbsabogados.com\/ca\/nou-valor-de-referencia-per-a-compravendes-dimmobles-el-2022\/#primaryimage\",\"url\":\"https:\/\/www.bbsabogados.com\/wp-content\/uploads\/2021\/11\/nuevo_valor_referencia_inmuebles_2022-2.jpg\",\"contentUrl\":\"https:\/\/www.bbsabogados.com\/wp-content\/uploads\/2021\/11\/nuevo_valor_referencia_inmuebles_2022-2.jpg\",\"width\":720,\"height\":402},{\"@type\":\"BreadcrumbList\",\"@id\":\"https:\/\/www.bbsabogados.com\/ca\/nou-valor-de-referencia-per-a-compravendes-dimmobles-el-2022\/#breadcrumb\",\"itemListElement\":[{\"@type\":\"ListItem\",\"position\":1,\"name\":\"Inicio\",\"item\":\"https:\/\/www.bbsabogados.com\/ca\/\"},{\"@type\":\"ListItem\",\"position\":2,\"name\":\"Not\u00edcies Jur\u00eddiques\",\"item\":\"https:\/\/www.bbsabogados.com\/ca\/categoria\/noticies-juridiques-novetats-legals-rellevants\/\"},{\"@type\":\"ListItem\",\"position\":3,\"name\":\"Nou valor de refer\u00e8ncia per a compravendes d&#8217;immobles el 2022.\"}]},{\"@type\":\"WebSite\",\"@id\":\"https:\/\/www.bbsabogados.com\/ca\/#website\",\"url\":\"https:\/\/www.bbsabogados.com\/ca\/\",\"name\":\"BBS Abogados\",\"description\":\"Expertos en Derecho Bancario y Financiero\",\"publisher\":{\"@id\":\"https:\/\/www.bbsabogados.com\/ca\/#organization\"},\"potentialAction\":[{\"@type\":\"SearchAction\",\"target\":{\"@type\":\"EntryPoint\",\"urlTemplate\":\"https:\/\/www.bbsabogados.com\/ca\/?s={search_term_string}\"},\"query-input\":{\"@type\":\"PropertyValueSpecification\",\"valueRequired\":true,\"valueName\":\"search_term_string\"}}],\"inLanguage\":\"ca\"},{\"@type\":\"Organization\",\"@id\":\"https:\/\/www.bbsabogados.com\/ca\/#organization\",\"name\":\"BBS Abogados\",\"url\":\"https:\/\/www.bbsabogados.com\/ca\/\",\"logo\":{\"@type\":\"ImageObject\",\"inLanguage\":\"ca\",\"@id\":\"https:\/\/www.bbsabogados.com\/ca\/#\/schema\/logo\/image\/\",\"url\":\"https:\/\/www.bbsabogados.com\/wp-content\/uploads\/2020\/02\/LOGO_Abogados_BBS.png\",\"contentUrl\":\"https:\/\/www.bbsabogados.com\/wp-content\/uploads\/2020\/02\/LOGO_Abogados_BBS.png\",\"width\":130,\"height\":83,\"caption\":\"BBS Abogados\"},\"image\":{\"@id\":\"https:\/\/www.bbsabogados.com\/ca\/#\/schema\/logo\/image\/\"},\"sameAs\":[\"https:\/\/www.linkedin.com\/in\/arcadi-sala-planell-bbs-abogados-29a37516\/\",\"https:\/\/x.com\/bbsabogados\",\"https:\/\/www.facebook.com\/pages\/BBS-Abogados-y-Asesores-Financieros\/161040880606162\",\"https:\/\/www.instagram.com\/bbsabogados\/\"]},{\"@type\":\"Person\",\"@id\":\"https:\/\/www.bbsabogados.com\/ca\/#\/schema\/person\/713a0deadf95fc79d77406bc73f52279\",\"name\":\"Arcadi Sala-Planell\",\"image\":{\"@type\":\"ImageObject\",\"inLanguage\":\"ca\",\"@id\":\"https:\/\/secure.gravatar.com\/avatar\/d305bd39cf310b98af953dec4cabbcd5f6c5a2d79f006648755a8493629a7138?s=96&d=mm&r=g\",\"url\":\"https:\/\/secure.gravatar.com\/avatar\/d305bd39cf310b98af953dec4cabbcd5f6c5a2d79f006648755a8493629a7138?s=96&d=mm&r=g\",\"contentUrl\":\"https:\/\/secure.gravatar.com\/avatar\/d305bd39cf310b98af953dec4cabbcd5f6c5a2d79f006648755a8493629a7138?s=96&d=mm&r=g\",\"caption\":\"Arcadi Sala-Planell\"}}]}<\/script>\n<!-- \/ Yoast SEO plugin. -->","yoast_head_json":{"title":"Nou valor de refer\u00e8ncia per a compravendes d'immobles el 2022.","description":"Nou valor de refer\u00e8ncia per a compravendes d'immobles el 2022. El nou valor de refer\u00e8ncia el determina la Direcci\u00f3 General del Cadastre","robots":{"index":"index","follow":"follow","max-snippet":"max-snippet:-1","max-image-preview":"max-image-preview:large","max-video-preview":"max-video-preview:-1"},"canonical":"https:\/\/www.bbsabogados.com\/ca\/nou-valor-de-referencia-per-a-compravendes-dimmobles-el-2022\/","og_locale":"ca_ES","og_type":"article","og_title":"Nou valor de refer\u00e8ncia per a compravendes d'immobles el 2022.","og_description":"Nou valor de refer\u00e8ncia per a compravendes d'immobles el 2022. El nou valor de refer\u00e8ncia el determina la Direcci\u00f3 General del Cadastre","og_url":"https:\/\/www.bbsabogados.com\/ca\/nou-valor-de-referencia-per-a-compravendes-dimmobles-el-2022\/","og_site_name":"Despacho BBS Abogados","article_publisher":"https:\/\/www.linkedin.com\/in\/arcadi-sala-planell-bbs-abogados-29a37516\/","article_published_time":"2022-12-23T08:18:32+00:00","article_modified_time":"2026-03-06T05:18:08+00:00","og_image":[{"width":720,"height":402,"url":"https:\/\/www.bbsabogados.com\/wp-content\/uploads\/2021\/11\/nuevo_valor_referencia_inmuebles_2022-2.jpg","type":"image\/jpeg"}],"author":"Arcadi Sala-Planell","twitter_card":"summary_large_image","twitter_creator":"@bbsabogados","twitter_site":"@bbsabogados","twitter_misc":{"Escrit per":"Arcadi Sala-Planell","Temps estimat de lectura":"3 minuts"},"schema":{"@context":"https:\/\/schema.org","@graph":[{"@type":"Article","@id":"https:\/\/www.bbsabogados.com\/ca\/nou-valor-de-referencia-per-a-compravendes-dimmobles-el-2022\/#article","isPartOf":{"@id":"https:\/\/www.bbsabogados.com\/ca\/nou-valor-de-referencia-per-a-compravendes-dimmobles-el-2022\/"},"author":{"name":"Arcadi Sala-Planell","@id":"https:\/\/www.bbsabogados.com\/ca\/#\/schema\/person\/713a0deadf95fc79d77406bc73f52279"},"headline":"Nou valor de refer\u00e8ncia per a compravendes d&#8217;immobles el 2022.","datePublished":"2022-12-23T08:18:32+00:00","dateModified":"2026-03-06T05:18:08+00:00","mainEntityOfPage":{"@id":"https:\/\/www.bbsabogados.com\/ca\/nou-valor-de-referencia-per-a-compravendes-dimmobles-el-2022\/"},"wordCount":526,"publisher":{"@id":"https:\/\/www.bbsabogados.com\/ca\/#organization"},"image":{"@id":"https:\/\/www.bbsabogados.com\/ca\/nou-valor-de-referencia-per-a-compravendes-dimmobles-el-2022\/#primaryimage"},"thumbnailUrl":"https:\/\/www.bbsabogados.com\/wp-content\/uploads\/2021\/11\/nuevo_valor_referencia_inmuebles_2022-2.jpg","articleSection":["Assessorament hipoteques","Dret Gesti\u00f3 Immobili\u00e0ria","Not\u00edcies Jur\u00eddiques","Noticies Juridiques"],"inLanguage":"ca"},{"@type":"WebPage","@id":"https:\/\/www.bbsabogados.com\/ca\/nou-valor-de-referencia-per-a-compravendes-dimmobles-el-2022\/","url":"https:\/\/www.bbsabogados.com\/ca\/nou-valor-de-referencia-per-a-compravendes-dimmobles-el-2022\/","name":"Nou valor de refer\u00e8ncia per a compravendes d'immobles el 2022.","isPartOf":{"@id":"https:\/\/www.bbsabogados.com\/ca\/#website"},"primaryImageOfPage":{"@id":"https:\/\/www.bbsabogados.com\/ca\/nou-valor-de-referencia-per-a-compravendes-dimmobles-el-2022\/#primaryimage"},"image":{"@id":"https:\/\/www.bbsabogados.com\/ca\/nou-valor-de-referencia-per-a-compravendes-dimmobles-el-2022\/#primaryimage"},"thumbnailUrl":"https:\/\/www.bbsabogados.com\/wp-content\/uploads\/2021\/11\/nuevo_valor_referencia_inmuebles_2022-2.jpg","datePublished":"2022-12-23T08:18:32+00:00","dateModified":"2026-03-06T05:18:08+00:00","description":"Nou valor de refer\u00e8ncia per a compravendes d'immobles el 2022. El nou valor de refer\u00e8ncia el determina la Direcci\u00f3 General del Cadastre","breadcrumb":{"@id":"https:\/\/www.bbsabogados.com\/ca\/nou-valor-de-referencia-per-a-compravendes-dimmobles-el-2022\/#breadcrumb"},"inLanguage":"ca","potentialAction":[{"@type":"ReadAction","target":["https:\/\/www.bbsabogados.com\/ca\/nou-valor-de-referencia-per-a-compravendes-dimmobles-el-2022\/"]}]},{"@type":"ImageObject","inLanguage":"ca","@id":"https:\/\/www.bbsabogados.com\/ca\/nou-valor-de-referencia-per-a-compravendes-dimmobles-el-2022\/#primaryimage","url":"https:\/\/www.bbsabogados.com\/wp-content\/uploads\/2021\/11\/nuevo_valor_referencia_inmuebles_2022-2.jpg","contentUrl":"https:\/\/www.bbsabogados.com\/wp-content\/uploads\/2021\/11\/nuevo_valor_referencia_inmuebles_2022-2.jpg","width":720,"height":402},{"@type":"BreadcrumbList","@id":"https:\/\/www.bbsabogados.com\/ca\/nou-valor-de-referencia-per-a-compravendes-dimmobles-el-2022\/#breadcrumb","itemListElement":[{"@type":"ListItem","position":1,"name":"Inicio","item":"https:\/\/www.bbsabogados.com\/ca\/"},{"@type":"ListItem","position":2,"name":"Not\u00edcies Jur\u00eddiques","item":"https:\/\/www.bbsabogados.com\/ca\/categoria\/noticies-juridiques-novetats-legals-rellevants\/"},{"@type":"ListItem","position":3,"name":"Nou valor de refer\u00e8ncia per a compravendes d&#8217;immobles el 2022."}]},{"@type":"WebSite","@id":"https:\/\/www.bbsabogados.com\/ca\/#website","url":"https:\/\/www.bbsabogados.com\/ca\/","name":"BBS Abogados","description":"Expertos en Derecho Bancario y Financiero","publisher":{"@id":"https:\/\/www.bbsabogados.com\/ca\/#organization"},"potentialAction":[{"@type":"SearchAction","target":{"@type":"EntryPoint","urlTemplate":"https:\/\/www.bbsabogados.com\/ca\/?s={search_term_string}"},"query-input":{"@type":"PropertyValueSpecification","valueRequired":true,"valueName":"search_term_string"}}],"inLanguage":"ca"},{"@type":"Organization","@id":"https:\/\/www.bbsabogados.com\/ca\/#organization","name":"BBS Abogados","url":"https:\/\/www.bbsabogados.com\/ca\/","logo":{"@type":"ImageObject","inLanguage":"ca","@id":"https:\/\/www.bbsabogados.com\/ca\/#\/schema\/logo\/image\/","url":"https:\/\/www.bbsabogados.com\/wp-content\/uploads\/2020\/02\/LOGO_Abogados_BBS.png","contentUrl":"https:\/\/www.bbsabogados.com\/wp-content\/uploads\/2020\/02\/LOGO_Abogados_BBS.png","width":130,"height":83,"caption":"BBS Abogados"},"image":{"@id":"https:\/\/www.bbsabogados.com\/ca\/#\/schema\/logo\/image\/"},"sameAs":["https:\/\/www.linkedin.com\/in\/arcadi-sala-planell-bbs-abogados-29a37516\/","https:\/\/x.com\/bbsabogados","https:\/\/www.facebook.com\/pages\/BBS-Abogados-y-Asesores-Financieros\/161040880606162","https:\/\/www.instagram.com\/bbsabogados\/"]},{"@type":"Person","@id":"https:\/\/www.bbsabogados.com\/ca\/#\/schema\/person\/713a0deadf95fc79d77406bc73f52279","name":"Arcadi Sala-Planell","image":{"@type":"ImageObject","inLanguage":"ca","@id":"https:\/\/secure.gravatar.com\/avatar\/d305bd39cf310b98af953dec4cabbcd5f6c5a2d79f006648755a8493629a7138?s=96&d=mm&r=g","url":"https:\/\/secure.gravatar.com\/avatar\/d305bd39cf310b98af953dec4cabbcd5f6c5a2d79f006648755a8493629a7138?s=96&d=mm&r=g","contentUrl":"https:\/\/secure.gravatar.com\/avatar\/d305bd39cf310b98af953dec4cabbcd5f6c5a2d79f006648755a8493629a7138?s=96&d=mm&r=g","caption":"Arcadi Sala-Planell"}}]}},"_links":{"self":[{"href":"https:\/\/www.bbsabogados.com\/ca\/wp-json\/wp\/v2\/posts\/7672","targetHints":{"allow":["GET"]}}],"collection":[{"href":"https:\/\/www.bbsabogados.com\/ca\/wp-json\/wp\/v2\/posts"}],"about":[{"href":"https:\/\/www.bbsabogados.com\/ca\/wp-json\/wp\/v2\/types\/post"}],"author":[{"embeddable":true,"href":"https:\/\/www.bbsabogados.com\/ca\/wp-json\/wp\/v2\/users\/3"}],"replies":[{"embeddable":true,"href":"https:\/\/www.bbsabogados.com\/ca\/wp-json\/wp\/v2\/comments?post=7672"}],"version-history":[{"count":1,"href":"https:\/\/www.bbsabogados.com\/ca\/wp-json\/wp\/v2\/posts\/7672\/revisions"}],"predecessor-version":[{"id":14526,"href":"https:\/\/www.bbsabogados.com\/ca\/wp-json\/wp\/v2\/posts\/7672\/revisions\/14526"}],"wp:featuredmedia":[{"embeddable":true,"href":"https:\/\/www.bbsabogados.com\/ca\/wp-json\/wp\/v2\/media\/6088"}],"wp:attachment":[{"href":"https:\/\/www.bbsabogados.com\/ca\/wp-json\/wp\/v2\/media?parent=7672"}],"wp:term":[{"taxonomy":"category","embeddable":true,"href":"https:\/\/www.bbsabogados.com\/ca\/wp-json\/wp\/v2\/categories?post=7672"},{"taxonomy":"post_tag","embeddable":true,"href":"https:\/\/www.bbsabogados.com\/ca\/wp-json\/wp\/v2\/tags?post=7672"}],"curies":[{"name":"wp","href":"https:\/\/api.w.org\/{rel}","templated":true}]}}