{"id":7684,"date":"2022-12-23T09:35:51","date_gmt":"2022-12-23T08:35:51","guid":{"rendered":"https:\/\/www.bbsabogados.com\/responsabilitat-dels-administradors-per-deutes-de-la-societat\/"},"modified":"2026-03-06T06:18:04","modified_gmt":"2026-03-06T05:18:04","slug":"responsabilitat-dels-administradors-per-deutes-de-la-societat","status":"publish","type":"post","link":"https:\/\/www.bbsabogados.com\/ca\/responsabilitat-dels-administradors-per-deutes-de-la-societat\/","title":{"rendered":"Responsabilitat dels administradors per deutes de la societat."},"content":{"rendered":"\n<h3 class=\"wp-block-heading\"><strong>Casos en que los administradores responder\u00e1n de las deudas de la sociedad con su propio patrimonio<\/strong>.<\/h3>\n\n\n\n<p>Las sociedades mercantiles tienen personalidad jur\u00eddica propia e independiente de la de sus socios y administradores. Por lo general los socios responden hasta el l\u00edmite de sus aportaciones en el capital social&nbsp;y los administradores no responden de las deudas sociales. Sin embargo, existen algunos supuestos de <strong>responsabilidad de los administradores por las deudas de la sociedad.<\/strong> Todo ello se encuentra regulado en el <a aria-label=\"undefined (abre en una nueva pesta\u00f1a)\" href=\"https:\/\/www.boe.es\/buscar\/act.php?id=BOE-A-2010-10544\" target=\"_blank\" rel=\"noreferrer noopener\"><strong>Real Decreto Legislativo 1\/2010, de 2 de julio, por el que se aprueba el texto refundido de la Ley de Sociedades de Capital<\/strong>.<\/a><\/p>\n\n\n\n<p>Se trata de una cuesti\u00f3n muy importante, sobre todo <strong>cuando una sociedad es insolvente y reclamar contra la misma no es eficiente<\/strong>. En estos casos se tendr\u00e1 que analizar si se puede reclamar a los administradores.<\/p>\n\n\n\n<p><\/p>\n\n\n\n<h4 class=\"wp-block-heading\">\u00bfCu\u00e1ndo responde el administrador?<\/h4>\n\n\n\n<p>Los administradores responden del <strong>da\u00f1o que causen por actos u omisiones contrarios a la Ley o los estatutos, o los realizados incumpliendo los deberes inherentes al desempe\u00f1o del cargo<\/strong>.<\/p>\n\n\n\n<p>Los <strong>supuestos m\u00e1s comunes de responsabilidad<\/strong> son los siguientes:<\/p>\n\n\n\n<ul class=\"wp-block-list\"><li>La celebraci\u00f3n de actos y contratos celebrados en nombre de la sociedad lesivos para la misma o excedi\u00e9ndose de las facultades conferidas<\/li><li>La falta de dep\u00f3sito de las cuentas anuales en el Registro Mercantil<\/li><li>El cierre de facto de la empresa, teniendo deudas.<\/li><li>El&nbsp;incumplimiento de la obligaci\u00f3n de convocar, en el plazo de dos meses, la Junta General para adoptar el acuerdo de disoluci\u00f3n&nbsp;(o concurso voluntario de acreedores) o, en su caso, solicitar la disoluci\u00f3n judicial, en caso de que exista causa legal o estatutaria para ello.<\/li><\/ul>\n\n\n\n<p>Hay que tener en cuenta que <strong>tambi\u00e9n son responsables los administradores de hecho<\/strong>.  El administrador de hecho es aquel que, a diferencia del administrador de derecho (que es el que consta en el registro mercantil), ejerce el cargo sin haber sido nombrado administrador.<\/p>\n\n\n\n<p>En particular, los elementos que configuran la posici\u00f3n del a<strong>dministrador de hecho<\/strong> son:<\/p>\n\n\n\n<ul class=\"wp-block-list\"><li>La autonom\u00eda.<\/li><li>La habitualidad de su participaci\u00f3n en la toma de decisiones.<\/li><li>La correspondencia de sus funciones con las de un administrador de derecho.<\/li><\/ul>\n\n\n\n<p><\/p>\n\n\n\n<h4 class=\"wp-block-heading\"><strong>\u00bfC\u00f3mo puedo reclamar contra el administrador si soy un acreedor de la sociedad?<\/strong><\/h4>\n\n\n\n<p>Existen dos tipos de acciones que pueden ejercitarse:<\/p>\n\n\n\n<ul class=\"wp-block-list\"><li><strong>Acci\u00f3n social de responsabilidad. <\/strong>En principio, solo puede ejercitarla la sociedad, previo acuerdo de la junta general. Sin embargo, los acreedores tambi\u00e9n est\u00e1n legitimados subsidiariamente para ello, si ni la sociedad ni los socios la han ejercido y consideran que el patrimonio de la compa\u00f1\u00eda no constituye garant\u00eda suficiente para sus cr\u00e9ditos.<\/li><li><strong>Acci\u00f3n individual de responsabilidad.<\/strong> Su ejercicio corresponde a los socios y a cualquier acreedor por actos del \u00f3rgano de administraci\u00f3n que lesionen sus intereses.<\/li><\/ul>\n\n\n\n<h4 class=\"wp-block-heading\"><strong>La responsabilidad de los administradores por falta de disoluci\u00f3n en caso de desequilibrio patrimonial<\/strong>.<\/h4>\n\n\n\n<p>Se trata de uno de los supuestos de <strong>Responsabilidad de los administradores por deudas de la sociedad <\/strong>m\u00e1s importante.<\/p>\n\n\n\n<p>Cuando el patrimonio de la sociedad queda reducido en una cantidad inferior a la mitad del capital social como consecuencia de p\u00e9rdidas, los administradores tienen la <strong>obligaci\u00f3n de convocar en un plazo de 2 meses a la Junta General para que acuerde la disoluci\u00f3n<\/strong>. <\/p>\n\n\n\n<p>Pues bien, si los administradores incumplen esta obligaci\u00f3n,  re<strong>sponder\u00e1n<br>solidariamente con su propio patrimonio por las deudas sociales posteriores a la existencia de la causa legal de disoluci\u00f3n.<\/strong><\/p>\n\n\n\n<p>Asimismo, existe la <strong>presunci\u00f3n de que las deudas sociales reclamadas son de fecha posterior al acaecimiento de la causa legal de disoluci\u00f3n<\/strong>, salvo prueba en contrario.<\/p>\n\n\n\n<h4 class=\"wp-block-heading\"><strong>BBS Abogados, Derecho Mercantil y Societario<\/strong>.<\/h4>\n\n\n\n<p>Desde&nbsp;<a href=\"http:\/\/www.bbsabogados.com\/\">BBS Abogados<\/a>,&nbsp;<strong>les asesoramos en cualquier supuesto de responsabilidad de los administradores de una sociedad<\/strong>. No dude en contactar con nosotros rellenando el siguiente<a href=\"https:\/\/www.bbsabogados.com\/ca\/oficines\/\">&nbsp;formulario<\/a>, escribi\u00e9ndonos a&nbsp;<a href=\"mailto:bbsabogados@bbsabogados.com\">bbsabogados@bbsabogados.com<\/a>&nbsp;o llamando al tel\u00e9fono 93 760 53 77 | 619 255 875.<\/p>\n\n\n\n<p><br><\/p>\n\n\n\n<p> <\/p>\n","protected":false},"excerpt":{"rendered":"<p>Casos en que los administradores responder\u00e1n de las deudas de la sociedad con su propio patrimonio. Las sociedades mercantiles tienen personalidad jur\u00eddica propia e independiente de la de sus socios y administradores. Por lo general los socios responden hasta el l\u00edmite de sus aportaciones en el capital social&nbsp;y los administradores no responden de las deudas [&hellip;]<\/p>\n","protected":false},"author":3,"featured_media":5776,"comment_status":"closed","ping_status":"closed","sticky":false,"template":"","format":"standard","meta":{"_acf_changed":false,"_monsterinsights_skip_tracking":false,"_monsterinsights_sitenote_active":false,"_monsterinsights_sitenote_note":"","_monsterinsights_sitenote_category":0,"footnotes":""},"categories":[283,269,341],"tags":[],"class_list":["post-7684","post","type-post","status-publish","format-standard","has-post-thumbnail","hentry","category-dret-mercantil-i-societari","category-noticies-juridiques-novetats-legals-rellevants","category-noticies-juridiques"],"acf":[],"yoast_head":"<!-- This site is optimized with the Yoast SEO plugin v27.2 - https:\/\/yoast.com\/product\/yoast-seo-wordpress\/ -->\n<title>Responsabilitat dels administradors per deutes de la societat<\/title>\n<meta name=\"description\" content=\"Responsabilitat dels administradors per deutes de la societat. Podeu respondre amb el vostre patrimoni personal. Advocats dret societari.\" \/>\n<meta name=\"robots\" content=\"index, follow, max-snippet:-1, max-image-preview:large, max-video-preview:-1\" \/>\n<link rel=\"canonical\" href=\"https:\/\/www.bbsabogados.com\/ca\/responsabilitat-dels-administradors-per-deutes-de-la-societat\/\" \/>\n<meta property=\"og:locale\" content=\"ca_ES\" \/>\n<meta property=\"og:type\" content=\"article\" \/>\n<meta property=\"og:title\" content=\"Responsabilitat dels administradors per deutes de la societat\" \/>\n<meta property=\"og:description\" content=\"Responsabilitat dels administradors per deutes de la societat. Podeu respondre amb el vostre patrimoni personal. Advocats dret societari.\" \/>\n<meta property=\"og:url\" content=\"https:\/\/www.bbsabogados.com\/ca\/responsabilitat-dels-administradors-per-deutes-de-la-societat\/\" \/>\n<meta property=\"og:site_name\" content=\"Despacho BBS Abogados\" \/>\n<meta property=\"article:publisher\" content=\"https:\/\/www.linkedin.com\/in\/arcadi-sala-planell-bbs-abogados-29a37516\/\" \/>\n<meta property=\"article:published_time\" content=\"2022-12-23T08:35:51+00:00\" \/>\n<meta property=\"article:modified_time\" content=\"2026-03-06T05:18:04+00:00\" \/>\n<meta property=\"og:image\" content=\"https:\/\/www.bbsabogados.com\/wp-content\/uploads\/2021\/10\/Responsabilidad-de-los-administradores-por-deudas-de-la-sociedad.jpg\" \/>\n\t<meta property=\"og:image:width\" content=\"720\" \/>\n\t<meta property=\"og:image:height\" content=\"402\" \/>\n\t<meta property=\"og:image:type\" content=\"image\/jpeg\" \/>\n<meta name=\"author\" content=\"Arcadi Sala-Planell\" \/>\n<meta name=\"twitter:card\" content=\"summary_large_image\" \/>\n<meta name=\"twitter:creator\" content=\"@bbsabogados\" \/>\n<meta name=\"twitter:site\" content=\"@bbsabogados\" \/>\n<meta name=\"twitter:label1\" content=\"Escrit per\" \/>\n\t<meta name=\"twitter:data1\" content=\"Arcadi Sala-Planell\" \/>\n\t<meta name=\"twitter:label2\" content=\"Temps estimat de lectura\" \/>\n\t<meta name=\"twitter:data2\" content=\"3 minuts\" \/>\n<script type=\"application\/ld+json\" class=\"yoast-schema-graph\">{\"@context\":\"https:\/\/schema.org\",\"@graph\":[{\"@type\":\"Article\",\"@id\":\"https:\/\/www.bbsabogados.com\/ca\/responsabilitat-dels-administradors-per-deutes-de-la-societat\/#article\",\"isPartOf\":{\"@id\":\"https:\/\/www.bbsabogados.com\/ca\/responsabilitat-dels-administradors-per-deutes-de-la-societat\/\"},\"author\":{\"name\":\"Arcadi Sala-Planell\",\"@id\":\"https:\/\/www.bbsabogados.com\/ca\/#\/schema\/person\/713a0deadf95fc79d77406bc73f52279\"},\"headline\":\"Responsabilitat dels administradors per deutes de la societat.\",\"datePublished\":\"2022-12-23T08:35:51+00:00\",\"dateModified\":\"2026-03-06T05:18:04+00:00\",\"mainEntityOfPage\":{\"@id\":\"https:\/\/www.bbsabogados.com\/ca\/responsabilitat-dels-administradors-per-deutes-de-la-societat\/\"},\"wordCount\":670,\"publisher\":{\"@id\":\"https:\/\/www.bbsabogados.com\/ca\/#organization\"},\"image\":{\"@id\":\"https:\/\/www.bbsabogados.com\/ca\/responsabilitat-dels-administradors-per-deutes-de-la-societat\/#primaryimage\"},\"thumbnailUrl\":\"https:\/\/www.bbsabogados.com\/wp-content\/uploads\/2021\/10\/Responsabilidad-de-los-administradores-por-deudas-de-la-sociedad.jpg\",\"articleSection\":[\"Dret Mercantil i Societari\",\"Not\u00edcies Jur\u00eddiques\",\"Noticies Juridiques\"],\"inLanguage\":\"ca\"},{\"@type\":\"WebPage\",\"@id\":\"https:\/\/www.bbsabogados.com\/ca\/responsabilitat-dels-administradors-per-deutes-de-la-societat\/\",\"url\":\"https:\/\/www.bbsabogados.com\/ca\/responsabilitat-dels-administradors-per-deutes-de-la-societat\/\",\"name\":\"Responsabilitat dels administradors per deutes de la societat\",\"isPartOf\":{\"@id\":\"https:\/\/www.bbsabogados.com\/ca\/#website\"},\"primaryImageOfPage\":{\"@id\":\"https:\/\/www.bbsabogados.com\/ca\/responsabilitat-dels-administradors-per-deutes-de-la-societat\/#primaryimage\"},\"image\":{\"@id\":\"https:\/\/www.bbsabogados.com\/ca\/responsabilitat-dels-administradors-per-deutes-de-la-societat\/#primaryimage\"},\"thumbnailUrl\":\"https:\/\/www.bbsabogados.com\/wp-content\/uploads\/2021\/10\/Responsabilidad-de-los-administradores-por-deudas-de-la-sociedad.jpg\",\"datePublished\":\"2022-12-23T08:35:51+00:00\",\"dateModified\":\"2026-03-06T05:18:04+00:00\",\"description\":\"Responsabilitat dels administradors per deutes de la societat. Podeu respondre amb el vostre patrimoni personal. Advocats dret societari.\",\"breadcrumb\":{\"@id\":\"https:\/\/www.bbsabogados.com\/ca\/responsabilitat-dels-administradors-per-deutes-de-la-societat\/#breadcrumb\"},\"inLanguage\":\"ca\",\"potentialAction\":[{\"@type\":\"ReadAction\",\"target\":[\"https:\/\/www.bbsabogados.com\/ca\/responsabilitat-dels-administradors-per-deutes-de-la-societat\/\"]}]},{\"@type\":\"ImageObject\",\"inLanguage\":\"ca\",\"@id\":\"https:\/\/www.bbsabogados.com\/ca\/responsabilitat-dels-administradors-per-deutes-de-la-societat\/#primaryimage\",\"url\":\"https:\/\/www.bbsabogados.com\/wp-content\/uploads\/2021\/10\/Responsabilidad-de-los-administradores-por-deudas-de-la-sociedad.jpg\",\"contentUrl\":\"https:\/\/www.bbsabogados.com\/wp-content\/uploads\/2021\/10\/Responsabilidad-de-los-administradores-por-deudas-de-la-sociedad.jpg\",\"width\":720,\"height\":402},{\"@type\":\"BreadcrumbList\",\"@id\":\"https:\/\/www.bbsabogados.com\/ca\/responsabilitat-dels-administradors-per-deutes-de-la-societat\/#breadcrumb\",\"itemListElement\":[{\"@type\":\"ListItem\",\"position\":1,\"name\":\"Inicio\",\"item\":\"https:\/\/www.bbsabogados.com\/ca\/\"},{\"@type\":\"ListItem\",\"position\":2,\"name\":\"Not\u00edcies Jur\u00eddiques\",\"item\":\"https:\/\/www.bbsabogados.com\/ca\/categoria\/noticies-juridiques-novetats-legals-rellevants\/\"},{\"@type\":\"ListItem\",\"position\":3,\"name\":\"Responsabilitat dels administradors per deutes de la societat.\"}]},{\"@type\":\"WebSite\",\"@id\":\"https:\/\/www.bbsabogados.com\/ca\/#website\",\"url\":\"https:\/\/www.bbsabogados.com\/ca\/\",\"name\":\"BBS Abogados\",\"description\":\"Expertos en Derecho Bancario y Financiero\",\"publisher\":{\"@id\":\"https:\/\/www.bbsabogados.com\/ca\/#organization\"},\"potentialAction\":[{\"@type\":\"SearchAction\",\"target\":{\"@type\":\"EntryPoint\",\"urlTemplate\":\"https:\/\/www.bbsabogados.com\/ca\/?s={search_term_string}\"},\"query-input\":{\"@type\":\"PropertyValueSpecification\",\"valueRequired\":true,\"valueName\":\"search_term_string\"}}],\"inLanguage\":\"ca\"},{\"@type\":\"Organization\",\"@id\":\"https:\/\/www.bbsabogados.com\/ca\/#organization\",\"name\":\"BBS Abogados\",\"url\":\"https:\/\/www.bbsabogados.com\/ca\/\",\"logo\":{\"@type\":\"ImageObject\",\"inLanguage\":\"ca\",\"@id\":\"https:\/\/www.bbsabogados.com\/ca\/#\/schema\/logo\/image\/\",\"url\":\"https:\/\/www.bbsabogados.com\/wp-content\/uploads\/2020\/02\/LOGO_Abogados_BBS.png\",\"contentUrl\":\"https:\/\/www.bbsabogados.com\/wp-content\/uploads\/2020\/02\/LOGO_Abogados_BBS.png\",\"width\":130,\"height\":83,\"caption\":\"BBS Abogados\"},\"image\":{\"@id\":\"https:\/\/www.bbsabogados.com\/ca\/#\/schema\/logo\/image\/\"},\"sameAs\":[\"https:\/\/www.linkedin.com\/in\/arcadi-sala-planell-bbs-abogados-29a37516\/\",\"https:\/\/x.com\/bbsabogados\",\"https:\/\/www.facebook.com\/pages\/BBS-Abogados-y-Asesores-Financieros\/161040880606162\",\"https:\/\/www.instagram.com\/bbsabogados\/\"]},{\"@type\":\"Person\",\"@id\":\"https:\/\/www.bbsabogados.com\/ca\/#\/schema\/person\/713a0deadf95fc79d77406bc73f52279\",\"name\":\"Arcadi Sala-Planell\",\"image\":{\"@type\":\"ImageObject\",\"inLanguage\":\"ca\",\"@id\":\"https:\/\/secure.gravatar.com\/avatar\/d305bd39cf310b98af953dec4cabbcd5f6c5a2d79f006648755a8493629a7138?s=96&d=mm&r=g\",\"url\":\"https:\/\/secure.gravatar.com\/avatar\/d305bd39cf310b98af953dec4cabbcd5f6c5a2d79f006648755a8493629a7138?s=96&d=mm&r=g\",\"contentUrl\":\"https:\/\/secure.gravatar.com\/avatar\/d305bd39cf310b98af953dec4cabbcd5f6c5a2d79f006648755a8493629a7138?s=96&d=mm&r=g\",\"caption\":\"Arcadi Sala-Planell\"}}]}<\/script>\n<!-- \/ Yoast SEO plugin. -->","yoast_head_json":{"title":"Responsabilitat dels administradors per deutes de la societat","description":"Responsabilitat dels administradors per deutes de la societat. Podeu respondre amb el vostre patrimoni personal. Advocats dret societari.","robots":{"index":"index","follow":"follow","max-snippet":"max-snippet:-1","max-image-preview":"max-image-preview:large","max-video-preview":"max-video-preview:-1"},"canonical":"https:\/\/www.bbsabogados.com\/ca\/responsabilitat-dels-administradors-per-deutes-de-la-societat\/","og_locale":"ca_ES","og_type":"article","og_title":"Responsabilitat dels administradors per deutes de la societat","og_description":"Responsabilitat dels administradors per deutes de la societat. Podeu respondre amb el vostre patrimoni personal. Advocats dret societari.","og_url":"https:\/\/www.bbsabogados.com\/ca\/responsabilitat-dels-administradors-per-deutes-de-la-societat\/","og_site_name":"Despacho BBS Abogados","article_publisher":"https:\/\/www.linkedin.com\/in\/arcadi-sala-planell-bbs-abogados-29a37516\/","article_published_time":"2022-12-23T08:35:51+00:00","article_modified_time":"2026-03-06T05:18:04+00:00","og_image":[{"width":720,"height":402,"url":"https:\/\/www.bbsabogados.com\/wp-content\/uploads\/2021\/10\/Responsabilidad-de-los-administradores-por-deudas-de-la-sociedad.jpg","type":"image\/jpeg"}],"author":"Arcadi Sala-Planell","twitter_card":"summary_large_image","twitter_creator":"@bbsabogados","twitter_site":"@bbsabogados","twitter_misc":{"Escrit per":"Arcadi Sala-Planell","Temps estimat de lectura":"3 minuts"},"schema":{"@context":"https:\/\/schema.org","@graph":[{"@type":"Article","@id":"https:\/\/www.bbsabogados.com\/ca\/responsabilitat-dels-administradors-per-deutes-de-la-societat\/#article","isPartOf":{"@id":"https:\/\/www.bbsabogados.com\/ca\/responsabilitat-dels-administradors-per-deutes-de-la-societat\/"},"author":{"name":"Arcadi Sala-Planell","@id":"https:\/\/www.bbsabogados.com\/ca\/#\/schema\/person\/713a0deadf95fc79d77406bc73f52279"},"headline":"Responsabilitat dels administradors per deutes de la societat.","datePublished":"2022-12-23T08:35:51+00:00","dateModified":"2026-03-06T05:18:04+00:00","mainEntityOfPage":{"@id":"https:\/\/www.bbsabogados.com\/ca\/responsabilitat-dels-administradors-per-deutes-de-la-societat\/"},"wordCount":670,"publisher":{"@id":"https:\/\/www.bbsabogados.com\/ca\/#organization"},"image":{"@id":"https:\/\/www.bbsabogados.com\/ca\/responsabilitat-dels-administradors-per-deutes-de-la-societat\/#primaryimage"},"thumbnailUrl":"https:\/\/www.bbsabogados.com\/wp-content\/uploads\/2021\/10\/Responsabilidad-de-los-administradores-por-deudas-de-la-sociedad.jpg","articleSection":["Dret Mercantil i Societari","Not\u00edcies Jur\u00eddiques","Noticies Juridiques"],"inLanguage":"ca"},{"@type":"WebPage","@id":"https:\/\/www.bbsabogados.com\/ca\/responsabilitat-dels-administradors-per-deutes-de-la-societat\/","url":"https:\/\/www.bbsabogados.com\/ca\/responsabilitat-dels-administradors-per-deutes-de-la-societat\/","name":"Responsabilitat dels administradors per deutes de la societat","isPartOf":{"@id":"https:\/\/www.bbsabogados.com\/ca\/#website"},"primaryImageOfPage":{"@id":"https:\/\/www.bbsabogados.com\/ca\/responsabilitat-dels-administradors-per-deutes-de-la-societat\/#primaryimage"},"image":{"@id":"https:\/\/www.bbsabogados.com\/ca\/responsabilitat-dels-administradors-per-deutes-de-la-societat\/#primaryimage"},"thumbnailUrl":"https:\/\/www.bbsabogados.com\/wp-content\/uploads\/2021\/10\/Responsabilidad-de-los-administradores-por-deudas-de-la-sociedad.jpg","datePublished":"2022-12-23T08:35:51+00:00","dateModified":"2026-03-06T05:18:04+00:00","description":"Responsabilitat dels administradors per deutes de la societat. Podeu respondre amb el vostre patrimoni personal. Advocats dret societari.","breadcrumb":{"@id":"https:\/\/www.bbsabogados.com\/ca\/responsabilitat-dels-administradors-per-deutes-de-la-societat\/#breadcrumb"},"inLanguage":"ca","potentialAction":[{"@type":"ReadAction","target":["https:\/\/www.bbsabogados.com\/ca\/responsabilitat-dels-administradors-per-deutes-de-la-societat\/"]}]},{"@type":"ImageObject","inLanguage":"ca","@id":"https:\/\/www.bbsabogados.com\/ca\/responsabilitat-dels-administradors-per-deutes-de-la-societat\/#primaryimage","url":"https:\/\/www.bbsabogados.com\/wp-content\/uploads\/2021\/10\/Responsabilidad-de-los-administradores-por-deudas-de-la-sociedad.jpg","contentUrl":"https:\/\/www.bbsabogados.com\/wp-content\/uploads\/2021\/10\/Responsabilidad-de-los-administradores-por-deudas-de-la-sociedad.jpg","width":720,"height":402},{"@type":"BreadcrumbList","@id":"https:\/\/www.bbsabogados.com\/ca\/responsabilitat-dels-administradors-per-deutes-de-la-societat\/#breadcrumb","itemListElement":[{"@type":"ListItem","position":1,"name":"Inicio","item":"https:\/\/www.bbsabogados.com\/ca\/"},{"@type":"ListItem","position":2,"name":"Not\u00edcies Jur\u00eddiques","item":"https:\/\/www.bbsabogados.com\/ca\/categoria\/noticies-juridiques-novetats-legals-rellevants\/"},{"@type":"ListItem","position":3,"name":"Responsabilitat dels administradors per deutes de la societat."}]},{"@type":"WebSite","@id":"https:\/\/www.bbsabogados.com\/ca\/#website","url":"https:\/\/www.bbsabogados.com\/ca\/","name":"BBS Abogados","description":"Expertos en Derecho Bancario y Financiero","publisher":{"@id":"https:\/\/www.bbsabogados.com\/ca\/#organization"},"potentialAction":[{"@type":"SearchAction","target":{"@type":"EntryPoint","urlTemplate":"https:\/\/www.bbsabogados.com\/ca\/?s={search_term_string}"},"query-input":{"@type":"PropertyValueSpecification","valueRequired":true,"valueName":"search_term_string"}}],"inLanguage":"ca"},{"@type":"Organization","@id":"https:\/\/www.bbsabogados.com\/ca\/#organization","name":"BBS Abogados","url":"https:\/\/www.bbsabogados.com\/ca\/","logo":{"@type":"ImageObject","inLanguage":"ca","@id":"https:\/\/www.bbsabogados.com\/ca\/#\/schema\/logo\/image\/","url":"https:\/\/www.bbsabogados.com\/wp-content\/uploads\/2020\/02\/LOGO_Abogados_BBS.png","contentUrl":"https:\/\/www.bbsabogados.com\/wp-content\/uploads\/2020\/02\/LOGO_Abogados_BBS.png","width":130,"height":83,"caption":"BBS Abogados"},"image":{"@id":"https:\/\/www.bbsabogados.com\/ca\/#\/schema\/logo\/image\/"},"sameAs":["https:\/\/www.linkedin.com\/in\/arcadi-sala-planell-bbs-abogados-29a37516\/","https:\/\/x.com\/bbsabogados","https:\/\/www.facebook.com\/pages\/BBS-Abogados-y-Asesores-Financieros\/161040880606162","https:\/\/www.instagram.com\/bbsabogados\/"]},{"@type":"Person","@id":"https:\/\/www.bbsabogados.com\/ca\/#\/schema\/person\/713a0deadf95fc79d77406bc73f52279","name":"Arcadi Sala-Planell","image":{"@type":"ImageObject","inLanguage":"ca","@id":"https:\/\/secure.gravatar.com\/avatar\/d305bd39cf310b98af953dec4cabbcd5f6c5a2d79f006648755a8493629a7138?s=96&d=mm&r=g","url":"https:\/\/secure.gravatar.com\/avatar\/d305bd39cf310b98af953dec4cabbcd5f6c5a2d79f006648755a8493629a7138?s=96&d=mm&r=g","contentUrl":"https:\/\/secure.gravatar.com\/avatar\/d305bd39cf310b98af953dec4cabbcd5f6c5a2d79f006648755a8493629a7138?s=96&d=mm&r=g","caption":"Arcadi Sala-Planell"}}]}},"_links":{"self":[{"href":"https:\/\/www.bbsabogados.com\/ca\/wp-json\/wp\/v2\/posts\/7684","targetHints":{"allow":["GET"]}}],"collection":[{"href":"https:\/\/www.bbsabogados.com\/ca\/wp-json\/wp\/v2\/posts"}],"about":[{"href":"https:\/\/www.bbsabogados.com\/ca\/wp-json\/wp\/v2\/types\/post"}],"author":[{"embeddable":true,"href":"https:\/\/www.bbsabogados.com\/ca\/wp-json\/wp\/v2\/users\/3"}],"replies":[{"embeddable":true,"href":"https:\/\/www.bbsabogados.com\/ca\/wp-json\/wp\/v2\/comments?post=7684"}],"version-history":[{"count":3,"href":"https:\/\/www.bbsabogados.com\/ca\/wp-json\/wp\/v2\/posts\/7684\/revisions"}],"predecessor-version":[{"id":14923,"href":"https:\/\/www.bbsabogados.com\/ca\/wp-json\/wp\/v2\/posts\/7684\/revisions\/14923"}],"wp:featuredmedia":[{"embeddable":true,"href":"https:\/\/www.bbsabogados.com\/ca\/wp-json\/wp\/v2\/media\/5776"}],"wp:attachment":[{"href":"https:\/\/www.bbsabogados.com\/ca\/wp-json\/wp\/v2\/media?parent=7684"}],"wp:term":[{"taxonomy":"category","embeddable":true,"href":"https:\/\/www.bbsabogados.com\/ca\/wp-json\/wp\/v2\/categories?post=7684"},{"taxonomy":"post_tag","embeddable":true,"href":"https:\/\/www.bbsabogados.com\/ca\/wp-json\/wp\/v2\/tags?post=7684"}],"curies":[{"name":"wp","href":"https:\/\/api.w.org\/{rel}","templated":true}]}}