{"id":8102,"date":"2023-04-04T18:23:48","date_gmt":"2023-04-04T16:23:48","guid":{"rendered":"https:\/\/www.bbsabogados.com\/nullitat-de-la-fianca-dun-credit-ico\/"},"modified":"2026-03-06T06:18:04","modified_gmt":"2026-03-06T05:18:04","slug":"nullitat-de-la-fianca-dun-credit-ico","status":"publish","type":"post","link":"https:\/\/www.bbsabogados.com\/ca\/nullitat-de-la-fianca-dun-credit-ico\/","title":{"rendered":"Nul\u00b7litat de la Fian\u00e7a d&#8217;un Cr\u00e8dit ICO"},"content":{"rendered":"\n<h3 class=\"wp-block-heading\"><strong>La responsabilitat del fiador \u00e9s solid\u00e0ria i no es limita al 20%, malgrat l&#8217;aval del 80% de l&#8217;Estat.<\/strong><\/h3>\n\n<p>Quan es va declarar del primer Estat d&#8217;alarma, el Govern va aprovar una l\u00ednia <a href=\"https:\/\/www.ico.es\/ca\/ico\/linea-avales-covid-19\">L\u00ednia d&#8217;Avals de l&#8217;Estat<\/a> de fins a 100.000 milions d&#8217;euros, <strong>pensats per a aut\u00f2noms i empreses directament afectats per la crisi econ\u00f2mica derivada del Covid-19,<\/strong> perqu\u00e8 es poguessin recuperar de la pand\u00e8mia i mantenir l&#8217;activitat de l&#8217;empresa. En conseq\u00fc\u00e8ncia, l&#8217;Institut &lt;Cr\u00e8dit Oficial (ICO) es va comprometre a <strong>avalar fins al 80% dels pr\u00e9stecs<\/strong> que complissin els requisits exigits. Tot i aix\u00f2, moltes entitats financeres van exigir addicionalment que els socis i\/o administradors de les empreses sol\u00b7licitants fossin tamb\u00e9 <strong>fiadors solidaris<\/strong>. En aquest article, examinarem la <strong>Nul\u00b7litat de la Fian\u00e7a d&#8217;un Cr\u00e8dit ICO.<\/strong><\/p>\n\n<h4 class=\"wp-block-heading\"><strong>Qu\u00e8 <\/strong> s\u00f3n els Cr\u00e8dits ICO?<\/h4>\n\n<p>Els <strong>cr\u00e8dits ICO<\/strong> s\u00f3n pr\u00e9stecs concedits per les entitats financeres amb l&#8217;aval de l&#8217;Estat, concretament de l&#8217;Institut del Cr\u00e8dit Oficial (ICO), que respon en cas que el deutor no pugui satisfer el deute.<\/p>\n\n<h4 class=\"wp-block-heading\"><strong>Quin \u00e9s el problema dels Cr\u00e8dits ICO?<\/strong><\/h4>\n\n<p>El problema \u00e9s determinat per la <strong>mala praxi<\/strong> de les entitats financeres.<\/p>\n\n<p>Tot i l&#8217;aval del 80% de l&#8217;ICO, les entitats financeres van exigir els socis i\/o administradors de les empreses prestat\u00e0ries que tamb\u00e9 fossin <strong>fiadors solidaris<\/strong>. Aix\u00ed mateix, els bancs no van informar els empresaris sol\u00b7licitants que <strong>l&#8217;aval de l&#8217;ICO nom\u00e9s actuava de manera subsidi\u00e0ria<\/strong>. \u00c9s a dir, quan s&#8217;hagin executat tots els b\u00e9ns de l&#8217;empresa i el fiador.<\/p>\n\n<p>Per tant, \u00e9s evident que l&#8217;aval de l&#8217;Estat es tracta d&#8217;una mesura que<strong> beneficia<\/strong> exclusivament els bancs -que tenen garantit recuperar almenys aquest 80% del deute-, i no les empreses.<\/p>\n\n<h4 class=\"wp-block-heading\"><strong>La responsabilitat del fiador es limita al 20%?<\/strong><\/h4>\n\n<p>No. Encara que l&#8217;Estat avali el 80% del deute, aix\u00f2 no vol dir que els fiadors responguin nom\u00e9s del 20%, malgrat que les entitats financeres van transmetre el contrari.<\/p>\n\n<p>La realitat \u00e9s que <strong>la responsabilitat del fiador \u00e9s del 100% i, a m\u00e9s a m\u00e9s, solid\u00e0ria.<\/strong> En canvi, l&#8217;aval de l&#8217;Estat \u00e9s subsidiari i \u00e9s limitat al 80%. En altres paraules, nom\u00e9s en cas que a l&#8217;empresa i als fiadors no els quedin b\u00e9ns amb qu\u00e8 fer front el deute, respondr\u00e0 l&#8217;Estat.<\/p>\n\n<p>Com \u00e9s de veure, i tal com ja hem subratllat, els Cr\u00e8dits ICO estan dissenyats per afavorir les entitats financeres, i no els fiadors.<\/p>\n\n<h4 class=\"wp-block-heading\"><strong>\u00c9s nul\u00b7la la fian\u00e7a dels Cr\u00e8dits ICO?<\/strong><\/h4>\n\n<p>La manca d&#8217;informaci\u00f3 precontractual i contractual per part de les entitats financeres, unida a la campanya de comunicaci\u00f3 del Govern, va comportar que molts empresaris que van sol\u00b7licitar aquests cr\u00e8dits no fossin coneixedors que garantien el 100% del pr\u00e9stec, i que l&#8217;aval de l&#8217;Estat era nom\u00e9s subsidiari.<\/p>\n\n<p>Aquest <strong>error en el consentiment sofert<\/strong> pels sol\u00b7licitants de Cr\u00e8dits ICO, abocaria la nul\u00b7litat de la <strong>fian\u00e7a del cr\u00e8dit ICO o de l&#8217;aval personal.<\/strong><\/p>\n\n<p>A m\u00e9s, cal posar \u00e8mfasi en la mala praxi per part dels bancs, ja que en molts casos les entitats van endossar els cr\u00e8dits ICO a empreses que ja tenien concedits amb anterioritat pr\u00e9stecs sense aval, recomanant cancel\u00b7lar aquests pr\u00e9stecs per subscriure els cr\u00e8dits ICO amb fiances solid\u00e0ries.<\/p>\n\n<h4 class=\"wp-block-heading\">Advocats Cr\u00e8dits ICO Covid-19.<\/h4>\n\n<p>A BBS Advocats som experts en Dret Bancari i Financer, avalant-nos una experi\u00e8ncia de m\u00e9s de 25 anys. No dubteu a contactar amb nosaltres per a qualsevol consulta relacionada amb pr\u00e9stecs ICO per Covid-19 d&#8217;empreses i aut\u00f2noms. Podeu emplenar el formulari web, trucar-nos al 93 760 53 77 o escriure&#8217;ns a bbsabogafos@bbsabogados.com<\/p>\n\n<p><\/p>\n\n<p>\u00a0<\/p>\n\n<p><\/p>\n\n<p><\/p>\n","protected":false},"excerpt":{"rendered":"<p>La responsabilitat del fiador \u00e9s solid\u00e0ria i no es limita al 20%, malgrat l&#8217;aval del 80% de l&#8217;Estat. Quan es va declarar del primer Estat d&#8217;alarma, el Govern va aprovar una l\u00ednia L\u00ednia d&#8217;Avals de l&#8217;Estat de fins a 100.000 milions d&#8217;euros, pensats per a aut\u00f2noms i empreses directament afectats per la crisi econ\u00f2mica derivada [&hellip;]<\/p>\n","protected":false},"author":3,"featured_media":7726,"comment_status":"closed","ping_status":"closed","sticky":false,"template":"","format":"standard","meta":{"_acf_changed":false,"_monsterinsights_skip_tracking":false,"_monsterinsights_sitenote_active":false,"_monsterinsights_sitenote_note":"","_monsterinsights_sitenote_category":0,"footnotes":""},"categories":[269,341],"tags":[],"class_list":["post-8102","post","type-post","status-publish","format-standard","has-post-thumbnail","hentry","category-noticies-juridiques-novetats-legals-rellevants","category-noticies-juridiques"],"acf":[],"yoast_head":"<!-- This site is optimized with the Yoast SEO plugin v27.2 - https:\/\/yoast.com\/product\/yoast-seo-wordpress\/ -->\n<title>Nul\u00b7litat de la Fian\u00e7a d&#039;un Cr\u00e8dit ICO<\/title>\n<meta name=\"description\" content=\"Nul\u00b7litat de la fian\u00e7a d&#039;un Cr\u00e8dit ICO Covid 19. Reclamar fian\u00e7a solid\u00e0ria o aval personal de cr\u00e8dit ICO. Mala praxi banc\u00e0ria.\" \/>\n<meta name=\"robots\" content=\"index, follow, max-snippet:-1, max-image-preview:large, max-video-preview:-1\" \/>\n<link rel=\"canonical\" href=\"https:\/\/www.bbsabogados.com\/ca\/nullitat-de-la-fianca-dun-credit-ico\/\" \/>\n<meta property=\"og:locale\" content=\"ca_ES\" \/>\n<meta property=\"og:type\" content=\"article\" \/>\n<meta property=\"og:title\" content=\"Nul\u00b7litat de la Fian\u00e7a d&#039;un Cr\u00e8dit ICO\" \/>\n<meta property=\"og:description\" content=\"Nul\u00b7litat de la fian\u00e7a d&#039;un Cr\u00e8dit ICO Covid 19. Reclamar fian\u00e7a solid\u00e0ria o aval personal de cr\u00e8dit ICO. Mala praxi banc\u00e0ria.\" \/>\n<meta property=\"og:url\" content=\"https:\/\/www.bbsabogados.com\/ca\/nullitat-de-la-fianca-dun-credit-ico\/\" \/>\n<meta property=\"og:site_name\" content=\"Despacho BBS Abogados\" \/>\n<meta property=\"article:publisher\" content=\"https:\/\/www.linkedin.com\/in\/arcadi-sala-planell-bbs-abogados-29a37516\/\" \/>\n<meta property=\"article:published_time\" content=\"2023-04-04T16:23:48+00:00\" \/>\n<meta property=\"article:modified_time\" content=\"2026-03-06T05:18:04+00:00\" \/>\n<meta property=\"og:image\" content=\"https:\/\/www.bbsabogados.com\/wp-content\/uploads\/2023\/01\/Nulidad-Fianza-Credito-ICO.jpg\" \/>\n\t<meta property=\"og:image:width\" content=\"638\" \/>\n\t<meta property=\"og:image:height\" content=\"402\" \/>\n\t<meta property=\"og:image:type\" content=\"image\/jpeg\" \/>\n<meta name=\"author\" content=\"Arcadi Sala-Planell\" \/>\n<meta name=\"twitter:card\" content=\"summary_large_image\" \/>\n<meta name=\"twitter:creator\" content=\"@bbsabogados\" \/>\n<meta name=\"twitter:site\" content=\"@bbsabogados\" \/>\n<meta name=\"twitter:label1\" content=\"Escrit per\" \/>\n\t<meta name=\"twitter:data1\" content=\"Arcadi Sala-Planell\" \/>\n\t<meta name=\"twitter:label2\" content=\"Temps estimat de lectura\" \/>\n\t<meta name=\"twitter:data2\" content=\"3 minuts\" \/>\n<script type=\"application\/ld+json\" class=\"yoast-schema-graph\">{\"@context\":\"https:\/\/schema.org\",\"@graph\":[{\"@type\":\"Article\",\"@id\":\"https:\/\/www.bbsabogados.com\/ca\/nullitat-de-la-fianca-dun-credit-ico\/#article\",\"isPartOf\":{\"@id\":\"https:\/\/www.bbsabogados.com\/ca\/nullitat-de-la-fianca-dun-credit-ico\/\"},\"author\":{\"name\":\"Arcadi Sala-Planell\",\"@id\":\"https:\/\/www.bbsabogados.com\/ca\/#\/schema\/person\/713a0deadf95fc79d77406bc73f52279\"},\"headline\":\"Nul\u00b7litat de la Fian\u00e7a d&#8217;un Cr\u00e8dit ICO\",\"datePublished\":\"2023-04-04T16:23:48+00:00\",\"dateModified\":\"2026-03-06T05:18:04+00:00\",\"mainEntityOfPage\":{\"@id\":\"https:\/\/www.bbsabogados.com\/ca\/nullitat-de-la-fianca-dun-credit-ico\/\"},\"wordCount\":653,\"publisher\":{\"@id\":\"https:\/\/www.bbsabogados.com\/ca\/#organization\"},\"image\":{\"@id\":\"https:\/\/www.bbsabogados.com\/ca\/nullitat-de-la-fianca-dun-credit-ico\/#primaryimage\"},\"thumbnailUrl\":\"https:\/\/www.bbsabogados.com\/wp-content\/uploads\/2023\/01\/Nulidad-Fianza-Credito-ICO.jpg\",\"articleSection\":[\"Not\u00edcies Jur\u00eddiques\",\"Noticies Juridiques\"],\"inLanguage\":\"ca\"},{\"@type\":\"WebPage\",\"@id\":\"https:\/\/www.bbsabogados.com\/ca\/nullitat-de-la-fianca-dun-credit-ico\/\",\"url\":\"https:\/\/www.bbsabogados.com\/ca\/nullitat-de-la-fianca-dun-credit-ico\/\",\"name\":\"Nul\u00b7litat de la Fian\u00e7a d'un Cr\u00e8dit ICO\",\"isPartOf\":{\"@id\":\"https:\/\/www.bbsabogados.com\/ca\/#website\"},\"primaryImageOfPage\":{\"@id\":\"https:\/\/www.bbsabogados.com\/ca\/nullitat-de-la-fianca-dun-credit-ico\/#primaryimage\"},\"image\":{\"@id\":\"https:\/\/www.bbsabogados.com\/ca\/nullitat-de-la-fianca-dun-credit-ico\/#primaryimage\"},\"thumbnailUrl\":\"https:\/\/www.bbsabogados.com\/wp-content\/uploads\/2023\/01\/Nulidad-Fianza-Credito-ICO.jpg\",\"datePublished\":\"2023-04-04T16:23:48+00:00\",\"dateModified\":\"2026-03-06T05:18:04+00:00\",\"description\":\"Nul\u00b7litat de la fian\u00e7a d'un Cr\u00e8dit ICO Covid 19. Reclamar fian\u00e7a solid\u00e0ria o aval personal de cr\u00e8dit ICO. Mala praxi banc\u00e0ria.\",\"breadcrumb\":{\"@id\":\"https:\/\/www.bbsabogados.com\/ca\/nullitat-de-la-fianca-dun-credit-ico\/#breadcrumb\"},\"inLanguage\":\"ca\",\"potentialAction\":[{\"@type\":\"ReadAction\",\"target\":[\"https:\/\/www.bbsabogados.com\/ca\/nullitat-de-la-fianca-dun-credit-ico\/\"]}]},{\"@type\":\"ImageObject\",\"inLanguage\":\"ca\",\"@id\":\"https:\/\/www.bbsabogados.com\/ca\/nullitat-de-la-fianca-dun-credit-ico\/#primaryimage\",\"url\":\"https:\/\/www.bbsabogados.com\/wp-content\/uploads\/2023\/01\/Nulidad-Fianza-Credito-ICO.jpg\",\"contentUrl\":\"https:\/\/www.bbsabogados.com\/wp-content\/uploads\/2023\/01\/Nulidad-Fianza-Credito-ICO.jpg\",\"width\":638,\"height\":402,\"caption\":\"Nulidad de la Fianza de un Cr\u00e9dito ICO\"},{\"@type\":\"BreadcrumbList\",\"@id\":\"https:\/\/www.bbsabogados.com\/ca\/nullitat-de-la-fianca-dun-credit-ico\/#breadcrumb\",\"itemListElement\":[{\"@type\":\"ListItem\",\"position\":1,\"name\":\"Inicio\",\"item\":\"https:\/\/www.bbsabogados.com\/ca\/\"},{\"@type\":\"ListItem\",\"position\":2,\"name\":\"Not\u00edcies Jur\u00eddiques\",\"item\":\"https:\/\/www.bbsabogados.com\/ca\/categoria\/noticies-juridiques-novetats-legals-rellevants\/\"},{\"@type\":\"ListItem\",\"position\":3,\"name\":\"Nul\u00b7litat de la Fian\u00e7a d&#8217;un Cr\u00e8dit ICO\"}]},{\"@type\":\"WebSite\",\"@id\":\"https:\/\/www.bbsabogados.com\/ca\/#website\",\"url\":\"https:\/\/www.bbsabogados.com\/ca\/\",\"name\":\"BBS Abogados\",\"description\":\"Expertos en Derecho Bancario y Financiero\",\"publisher\":{\"@id\":\"https:\/\/www.bbsabogados.com\/ca\/#organization\"},\"potentialAction\":[{\"@type\":\"SearchAction\",\"target\":{\"@type\":\"EntryPoint\",\"urlTemplate\":\"https:\/\/www.bbsabogados.com\/ca\/?s={search_term_string}\"},\"query-input\":{\"@type\":\"PropertyValueSpecification\",\"valueRequired\":true,\"valueName\":\"search_term_string\"}}],\"inLanguage\":\"ca\"},{\"@type\":\"Organization\",\"@id\":\"https:\/\/www.bbsabogados.com\/ca\/#organization\",\"name\":\"BBS Abogados\",\"url\":\"https:\/\/www.bbsabogados.com\/ca\/\",\"logo\":{\"@type\":\"ImageObject\",\"inLanguage\":\"ca\",\"@id\":\"https:\/\/www.bbsabogados.com\/ca\/#\/schema\/logo\/image\/\",\"url\":\"https:\/\/www.bbsabogados.com\/wp-content\/uploads\/2020\/02\/LOGO_Abogados_BBS.png\",\"contentUrl\":\"https:\/\/www.bbsabogados.com\/wp-content\/uploads\/2020\/02\/LOGO_Abogados_BBS.png\",\"width\":130,\"height\":83,\"caption\":\"BBS Abogados\"},\"image\":{\"@id\":\"https:\/\/www.bbsabogados.com\/ca\/#\/schema\/logo\/image\/\"},\"sameAs\":[\"https:\/\/www.linkedin.com\/in\/arcadi-sala-planell-bbs-abogados-29a37516\/\",\"https:\/\/x.com\/bbsabogados\",\"https:\/\/www.facebook.com\/pages\/BBS-Abogados-y-Asesores-Financieros\/161040880606162\",\"https:\/\/www.instagram.com\/bbsabogados\/\"]},{\"@type\":\"Person\",\"@id\":\"https:\/\/www.bbsabogados.com\/ca\/#\/schema\/person\/713a0deadf95fc79d77406bc73f52279\",\"name\":\"Arcadi Sala-Planell\",\"image\":{\"@type\":\"ImageObject\",\"inLanguage\":\"ca\",\"@id\":\"https:\/\/secure.gravatar.com\/avatar\/d305bd39cf310b98af953dec4cabbcd5f6c5a2d79f006648755a8493629a7138?s=96&d=mm&r=g\",\"url\":\"https:\/\/secure.gravatar.com\/avatar\/d305bd39cf310b98af953dec4cabbcd5f6c5a2d79f006648755a8493629a7138?s=96&d=mm&r=g\",\"contentUrl\":\"https:\/\/secure.gravatar.com\/avatar\/d305bd39cf310b98af953dec4cabbcd5f6c5a2d79f006648755a8493629a7138?s=96&d=mm&r=g\",\"caption\":\"Arcadi Sala-Planell\"}}]}<\/script>\n<!-- \/ Yoast SEO plugin. -->","yoast_head_json":{"title":"Nul\u00b7litat de la Fian\u00e7a d'un Cr\u00e8dit ICO","description":"Nul\u00b7litat de la fian\u00e7a d'un Cr\u00e8dit ICO Covid 19. Reclamar fian\u00e7a solid\u00e0ria o aval personal de cr\u00e8dit ICO. Mala praxi banc\u00e0ria.","robots":{"index":"index","follow":"follow","max-snippet":"max-snippet:-1","max-image-preview":"max-image-preview:large","max-video-preview":"max-video-preview:-1"},"canonical":"https:\/\/www.bbsabogados.com\/ca\/nullitat-de-la-fianca-dun-credit-ico\/","og_locale":"ca_ES","og_type":"article","og_title":"Nul\u00b7litat de la Fian\u00e7a d'un Cr\u00e8dit ICO","og_description":"Nul\u00b7litat de la fian\u00e7a d'un Cr\u00e8dit ICO Covid 19. Reclamar fian\u00e7a solid\u00e0ria o aval personal de cr\u00e8dit ICO. Mala praxi banc\u00e0ria.","og_url":"https:\/\/www.bbsabogados.com\/ca\/nullitat-de-la-fianca-dun-credit-ico\/","og_site_name":"Despacho BBS Abogados","article_publisher":"https:\/\/www.linkedin.com\/in\/arcadi-sala-planell-bbs-abogados-29a37516\/","article_published_time":"2023-04-04T16:23:48+00:00","article_modified_time":"2026-03-06T05:18:04+00:00","og_image":[{"width":638,"height":402,"url":"https:\/\/www.bbsabogados.com\/wp-content\/uploads\/2023\/01\/Nulidad-Fianza-Credito-ICO.jpg","type":"image\/jpeg"}],"author":"Arcadi Sala-Planell","twitter_card":"summary_large_image","twitter_creator":"@bbsabogados","twitter_site":"@bbsabogados","twitter_misc":{"Escrit per":"Arcadi Sala-Planell","Temps estimat de lectura":"3 minuts"},"schema":{"@context":"https:\/\/schema.org","@graph":[{"@type":"Article","@id":"https:\/\/www.bbsabogados.com\/ca\/nullitat-de-la-fianca-dun-credit-ico\/#article","isPartOf":{"@id":"https:\/\/www.bbsabogados.com\/ca\/nullitat-de-la-fianca-dun-credit-ico\/"},"author":{"name":"Arcadi Sala-Planell","@id":"https:\/\/www.bbsabogados.com\/ca\/#\/schema\/person\/713a0deadf95fc79d77406bc73f52279"},"headline":"Nul\u00b7litat de la Fian\u00e7a d&#8217;un Cr\u00e8dit ICO","datePublished":"2023-04-04T16:23:48+00:00","dateModified":"2026-03-06T05:18:04+00:00","mainEntityOfPage":{"@id":"https:\/\/www.bbsabogados.com\/ca\/nullitat-de-la-fianca-dun-credit-ico\/"},"wordCount":653,"publisher":{"@id":"https:\/\/www.bbsabogados.com\/ca\/#organization"},"image":{"@id":"https:\/\/www.bbsabogados.com\/ca\/nullitat-de-la-fianca-dun-credit-ico\/#primaryimage"},"thumbnailUrl":"https:\/\/www.bbsabogados.com\/wp-content\/uploads\/2023\/01\/Nulidad-Fianza-Credito-ICO.jpg","articleSection":["Not\u00edcies Jur\u00eddiques","Noticies Juridiques"],"inLanguage":"ca"},{"@type":"WebPage","@id":"https:\/\/www.bbsabogados.com\/ca\/nullitat-de-la-fianca-dun-credit-ico\/","url":"https:\/\/www.bbsabogados.com\/ca\/nullitat-de-la-fianca-dun-credit-ico\/","name":"Nul\u00b7litat de la Fian\u00e7a d'un Cr\u00e8dit ICO","isPartOf":{"@id":"https:\/\/www.bbsabogados.com\/ca\/#website"},"primaryImageOfPage":{"@id":"https:\/\/www.bbsabogados.com\/ca\/nullitat-de-la-fianca-dun-credit-ico\/#primaryimage"},"image":{"@id":"https:\/\/www.bbsabogados.com\/ca\/nullitat-de-la-fianca-dun-credit-ico\/#primaryimage"},"thumbnailUrl":"https:\/\/www.bbsabogados.com\/wp-content\/uploads\/2023\/01\/Nulidad-Fianza-Credito-ICO.jpg","datePublished":"2023-04-04T16:23:48+00:00","dateModified":"2026-03-06T05:18:04+00:00","description":"Nul\u00b7litat de la fian\u00e7a d'un Cr\u00e8dit ICO Covid 19. Reclamar fian\u00e7a solid\u00e0ria o aval personal de cr\u00e8dit ICO. Mala praxi banc\u00e0ria.","breadcrumb":{"@id":"https:\/\/www.bbsabogados.com\/ca\/nullitat-de-la-fianca-dun-credit-ico\/#breadcrumb"},"inLanguage":"ca","potentialAction":[{"@type":"ReadAction","target":["https:\/\/www.bbsabogados.com\/ca\/nullitat-de-la-fianca-dun-credit-ico\/"]}]},{"@type":"ImageObject","inLanguage":"ca","@id":"https:\/\/www.bbsabogados.com\/ca\/nullitat-de-la-fianca-dun-credit-ico\/#primaryimage","url":"https:\/\/www.bbsabogados.com\/wp-content\/uploads\/2023\/01\/Nulidad-Fianza-Credito-ICO.jpg","contentUrl":"https:\/\/www.bbsabogados.com\/wp-content\/uploads\/2023\/01\/Nulidad-Fianza-Credito-ICO.jpg","width":638,"height":402,"caption":"Nulidad de la Fianza de un Cr\u00e9dito ICO"},{"@type":"BreadcrumbList","@id":"https:\/\/www.bbsabogados.com\/ca\/nullitat-de-la-fianca-dun-credit-ico\/#breadcrumb","itemListElement":[{"@type":"ListItem","position":1,"name":"Inicio","item":"https:\/\/www.bbsabogados.com\/ca\/"},{"@type":"ListItem","position":2,"name":"Not\u00edcies Jur\u00eddiques","item":"https:\/\/www.bbsabogados.com\/ca\/categoria\/noticies-juridiques-novetats-legals-rellevants\/"},{"@type":"ListItem","position":3,"name":"Nul\u00b7litat de la Fian\u00e7a d&#8217;un Cr\u00e8dit ICO"}]},{"@type":"WebSite","@id":"https:\/\/www.bbsabogados.com\/ca\/#website","url":"https:\/\/www.bbsabogados.com\/ca\/","name":"BBS Abogados","description":"Expertos en Derecho Bancario y Financiero","publisher":{"@id":"https:\/\/www.bbsabogados.com\/ca\/#organization"},"potentialAction":[{"@type":"SearchAction","target":{"@type":"EntryPoint","urlTemplate":"https:\/\/www.bbsabogados.com\/ca\/?s={search_term_string}"},"query-input":{"@type":"PropertyValueSpecification","valueRequired":true,"valueName":"search_term_string"}}],"inLanguage":"ca"},{"@type":"Organization","@id":"https:\/\/www.bbsabogados.com\/ca\/#organization","name":"BBS Abogados","url":"https:\/\/www.bbsabogados.com\/ca\/","logo":{"@type":"ImageObject","inLanguage":"ca","@id":"https:\/\/www.bbsabogados.com\/ca\/#\/schema\/logo\/image\/","url":"https:\/\/www.bbsabogados.com\/wp-content\/uploads\/2020\/02\/LOGO_Abogados_BBS.png","contentUrl":"https:\/\/www.bbsabogados.com\/wp-content\/uploads\/2020\/02\/LOGO_Abogados_BBS.png","width":130,"height":83,"caption":"BBS Abogados"},"image":{"@id":"https:\/\/www.bbsabogados.com\/ca\/#\/schema\/logo\/image\/"},"sameAs":["https:\/\/www.linkedin.com\/in\/arcadi-sala-planell-bbs-abogados-29a37516\/","https:\/\/x.com\/bbsabogados","https:\/\/www.facebook.com\/pages\/BBS-Abogados-y-Asesores-Financieros\/161040880606162","https:\/\/www.instagram.com\/bbsabogados\/"]},{"@type":"Person","@id":"https:\/\/www.bbsabogados.com\/ca\/#\/schema\/person\/713a0deadf95fc79d77406bc73f52279","name":"Arcadi Sala-Planell","image":{"@type":"ImageObject","inLanguage":"ca","@id":"https:\/\/secure.gravatar.com\/avatar\/d305bd39cf310b98af953dec4cabbcd5f6c5a2d79f006648755a8493629a7138?s=96&d=mm&r=g","url":"https:\/\/secure.gravatar.com\/avatar\/d305bd39cf310b98af953dec4cabbcd5f6c5a2d79f006648755a8493629a7138?s=96&d=mm&r=g","contentUrl":"https:\/\/secure.gravatar.com\/avatar\/d305bd39cf310b98af953dec4cabbcd5f6c5a2d79f006648755a8493629a7138?s=96&d=mm&r=g","caption":"Arcadi Sala-Planell"}}]}},"_links":{"self":[{"href":"https:\/\/www.bbsabogados.com\/ca\/wp-json\/wp\/v2\/posts\/8102","targetHints":{"allow":["GET"]}}],"collection":[{"href":"https:\/\/www.bbsabogados.com\/ca\/wp-json\/wp\/v2\/posts"}],"about":[{"href":"https:\/\/www.bbsabogados.com\/ca\/wp-json\/wp\/v2\/types\/post"}],"author":[{"embeddable":true,"href":"https:\/\/www.bbsabogados.com\/ca\/wp-json\/wp\/v2\/users\/3"}],"replies":[{"embeddable":true,"href":"https:\/\/www.bbsabogados.com\/ca\/wp-json\/wp\/v2\/comments?post=8102"}],"version-history":[{"count":1,"href":"https:\/\/www.bbsabogados.com\/ca\/wp-json\/wp\/v2\/posts\/8102\/revisions"}],"predecessor-version":[{"id":14922,"href":"https:\/\/www.bbsabogados.com\/ca\/wp-json\/wp\/v2\/posts\/8102\/revisions\/14922"}],"wp:featuredmedia":[{"embeddable":true,"href":"https:\/\/www.bbsabogados.com\/ca\/wp-json\/wp\/v2\/media\/7726"}],"wp:attachment":[{"href":"https:\/\/www.bbsabogados.com\/ca\/wp-json\/wp\/v2\/media?parent=8102"}],"wp:term":[{"taxonomy":"category","embeddable":true,"href":"https:\/\/www.bbsabogados.com\/ca\/wp-json\/wp\/v2\/categories?post=8102"},{"taxonomy":"post_tag","embeddable":true,"href":"https:\/\/www.bbsabogados.com\/ca\/wp-json\/wp\/v2\/tags?post=8102"}],"curies":[{"name":"wp","href":"https:\/\/api.w.org\/{rel}","templated":true}]}}