{"id":8168,"date":"2023-04-17T20:22:49","date_gmt":"2023-04-17T18:22:49","guid":{"rendered":"https:\/\/www.bbsabogados.com\/irph-el-tjue-ha-celebrat-la-vista-sobre-la-questio-prejudicial-de-mallorca\/"},"modified":"2026-03-05T17:39:28","modified_gmt":"2026-03-05T16:39:28","slug":"irph-el-tjue-ha-celebrat-la-vista-sobre-la-questio-prejudicial-de-mallorca","status":"publish","type":"post","link":"https:\/\/www.bbsabogados.com\/ca\/irph-el-tjue-ha-celebrat-la-vista-sobre-la-questio-prejudicial-de-mallorca\/","title":{"rendered":"IRPH: El TJUE ha celebrat la vista sobre la q\u00fcesti\u00f3 prejudicial de Mallorca"},"content":{"rendered":"\n<h3 class=\"wp-block-heading\"><strong>El 16 de mar\u00e7 es va celebrar al TJUE la vista de la q\u00fcesti\u00f3 prejudicial d&#8217;IRPH elevada per un jutjat de Palma de Mallorca.<\/strong><\/h3>\n\n\n\n<p>El passat 16 de mar\u00e7 a les 9.30h es va celebrar al Tribunal de Just\u00edcia de la Uni\u00f3 Europea (TJUE) la vista sobre la q\u00fcesti\u00f3 prejudicial d&#8217;IRPH de Mallorca, concretament plantejada per la magistrada <strong>Margarita Poveda<\/strong>, titular del Jutjat de Primera Inst\u00e0ncia 17 bis de Palmell de Mallorca.\r\n<\/p>\n\n\n\n<p>Despr\u00e9s d\u00b4aquesta vista, el TJUE haur\u00e0 de resoldre la q\u00fcesti\u00f3 prejudicial plantejada sobre l\u00b4IRPH. Abans de dictar sent\u00e8ncia, l&#8217;advocat general en pot publicar les conclusions, i aquesta \u00e9s una actuaci\u00f3 facultativa del procediment.\r\n<\/p>\n\n\n\n<p>En aquest enlla\u00e7 podeu veure el calendari judicial del TJUE.<a href=\"https:\/\/curia.europa.eu\/jcms\/jcms\/Jo1_6581\/es\/\" target=\"_blank\" rel=\"noreferrer noopener\"> aqu\u00ed <\/a>\r\n\r\n\r\nTercera Q\u00fcesti\u00f3 Prejudicial de l&#8217;IRPH, elevada per un Jutjat de Palma de Mallorca.\r\n\r\nAra que estem en aquesta fase tan avan\u00e7ada, cal refrescar en quins termes es va plantejar la q\u00fcesti\u00f3 prejudicial d&#8217;IRPH de Mallorca.\r\n\r\nEl Jutjat de Primera Inst\u00e0ncia 17 bis de Palma de Mallorca ha elevat 18 q\u00fcestions al TJUE. A m\u00e9s, es demana claredat i contund\u00e8ncia en les respostes. Aix\u00f2 despr\u00e9s de 2 q\u00fcestions pr\u00e8vies que no han aconseguit aclarir aquest assumpte de manera unit\u00e0ria.\r\n\r\nLa magistrada sost\u00e9 que s&#8217;ha d&#8217;interposar aquesta 3a Q\u00fcesti\u00f3 Prejudicial, per dos motius:\r\n\r\n    La \u201cnecessitat urgent i imperiosa\u201d d\u201fanalitzar si la pr\u00e0ctica banc\u00e0ria ja detallada \u00e9s deslleial i va en contra de la Directiva 2005\/29. I aix\u00ed evitar que se succeeixin pronunciaments \u201ccontradictoris (\u2026) que provoquin un greu i irreparable mal als consumidors afectats\u201d.\r\n    Per \u201cinseguretat jur\u00eddica\u201d que s&#8217;est\u00e0 donant.\r\n\r\nI \u00e9s que es tracta de la cl\u00e0usula amb m\u00e9s contingut econ\u00f2mic de les que fins ara s&#8217;han declarat abusives.\r\n\r\nDe la suma de preguntes plantejades, cal destacar que planteja si la jurisprud\u00e8ncia del Suprem s&#8217;oposa a la normativa europea de consumidors, perqu\u00e8 en no aplicar l&#8217;IRPH un diferencial negatiu pot suposar una pr\u00e0ctica abusiva en ser fosc i menys avantatj\u00f3s que totes les taxes anuals equivalents.\r\n\r\nPodeu accedir al contingut complet de la q\u00fcesti\u00f3 prejudicial en aquest enlla\u00e7.<\/p>\n\n\n\n<h4 class=\"wp-block-heading\">Tercera Q\u00fcesti\u00f3 Prejudicial de l&#8217;IRPH, elevada per un Jutjat de Palma de Mallorca.<\/h4>\n\n\n\n<p>Ara que estem en aquesta fase tan avan\u00e7ada, cal refrescar en quins termes es va plantejar la q\u00fcesti\u00f3 prejudicial d&#8217;IRPH de Mallorca.<\/p>\n\n\n\n<p>El <strong>Jutjat de Primera Inst\u00e0ncia 17 bis de Palma de Mallorca <\/strong>ha elevat <strong>18 q\u00fcestions al TJUE.<\/strong> A m\u00e9s, es demana claredat i contund\u00e8ncia en les respostes. Aix\u00f2 despr\u00e9s de 2 q\u00fcestions pr\u00e8vies que no han aconseguit aclarir aquest assumpte de manera unit\u00e0ria.<\/p>\n\n\n\n<p>La magistrada sost\u00e9 que s&#8217;ha d&#8217;interposar aquesta 3a Q\u00fcesti\u00f3 Prejudicial, per dos motius:<\/p>\n\n\n\n<ul class=\"wp-block-list\"><li>La <em>\u201cnecessitat urgent i imperiosa\u201d<\/em> d\u201fanalitzar si la pr\u00e0ctica banc\u00e0ria ja detallada \u00e9s deslleial i va en contra de la <strong><em>Directiva 2005\/29<\/em><\/strong>. I aix\u00ed evitar que se succeeixin pronunciaments \u201ccontradictoris (\u2026) que provoquin un greu i irreparable mal als consumidors afectats\u201d.\r\n    Per \u201cinseguretat jur\u00eddica\u201d que s&#8217;est\u00e0 donant.\r\n\r\nI \u00e9s que es tracta de la cl\u00e0usula amb m\u00e9s contingut econ\u00f2mic de les que fins ara s&#8217;han declarat abusives.\r\n\r\nDe la suma de preguntes plantejades, cal destacar que planteja si la jurisprud\u00e8ncia del Suprem s&#8217;oposa a la normativa europea de consumidors, perqu\u00e8 en no aplicar l&#8217;IRPH un diferencial negatiu pot suposar una pr\u00e0ctica abusiva en ser fosc i menys avantatj\u00f3s que totes les taxes anuals equivalents.\r\n\r\nPodeu accedir al contingut complet de la q\u00fcesti\u00f3 prejudicial en aquest enlla\u00e7.<\/li><li>Per <em>\u201cinseguretat jur\u00eddica\u201d <\/em>que s&#8217;est\u00e0 donant.\r\n<\/li><\/ul>\n\n\n\n<p>I \u00e9s que es tracta de la cl\u00e0usula amb <strong><a href=\"https:\/\/www.bbsabogados.com\/cuanto-puedo-recuperar-por-el-irph\/\">m\u00e9s contingut econ\u00f2mic<\/a><\/strong>&nbsp;de les que fins ara s&#8217;han declarat abusives.\r\n<\/p>\n\n\n\n<p>De la suma de preguntes plantejades, cal destacar que planteja si la jurisprud\u00e8ncia del Suprem s&#8217;oposa a la normativa europea de consumidors, perqu\u00e8 en no aplicar l&#8217;IRPH un diferencial negatiu pot suposar una pr\u00e0ctica abusiva en ser fosc i menys avantatj\u00f3s que totes les taxes anuals equivalents.<\/p>\n\n\n\n<p>Podeu accedir al contingut complet de la q\u00fcesti\u00f3 prejudicial en aquest  <a href=\"https:\/\/eur-lex.europa.eu\/legal-content\/ES\/TXT\/PDF\/?uri=CELEX:62022CN0265&amp;from=EN\">enlla\u00e7.<\/a>\r\n\r\n<\/p>\n\n\n\n<h4 class=\"wp-block-heading\"><strong>Des de BBS Advocats estem compromesos amb la defensa dels afectats per l&#8217;IRPH<\/strong><\/h4>\n\n\n\n<p>Des de&nbsp;<strong><a href=\"http:\/\/www.bbsabogados.com\/\">BBS Abogados<\/a><\/strong>\r\nestem compromesos amb la defensa dels afectats per l&#8217;IRPH.\r\nEsperem que <strong>la q\u00fcesti\u00f3 prejudicial sobre IRPH plantejada<\/strong> per aquest Jutjat de Palma de Mallorca sigui una soluci\u00f3 definitiva als afectats. <strong>Els mantindrem informats de totes les novetats sobre aix\u00f2.<\/strong><\/p>\n\n\n\n<p>Recordem que a BBS <a href=\"https:\/\/www.bbsabogados.com\/conseguimos-dos-de-las-primeras-sentencias-declarando-la-nulidad-de-la-clausula-irph-con-devolucion-de-las-cantidades-retroactivas-y-sustitucion-euribor-1\/\">som pioners &gt;en IRPH (aconseguim Sent\u00e8ncia favorable ja el 2015, de les primeres a Espanya). Estem en espera de resoluci\u00f3 del TJUE que finalment acabi asseient jurisprud\u00e8ncia ferma sobre aquest assumpte.<\/a><\/p>\n\n\n\n<p>Si teniu dubtes sobre el vostre cas particular, valorarem el vostre cas concret i possibilitats d&#8217;\u00e8xit.\r\n\r\n<\/p>\n\n\n\n<p>No dubteu a contactar amb nosaltres a trav\u00e9s del nostre formulari web<a href=\"https:\/\/www.bbsabogados.com\/ca\/oficines\/\" target=\"_blank\" rel=\"noreferrer noopener\">&nbsp;formulario web<\/a>, escrivint-nos a <strong><em>bbsabogados@bbsabogados.com<\/em><\/strong>&nbsp;o trucant al 93.760.53.77.<\/p>\n","protected":false},"excerpt":{"rendered":"<p>El 16 de mar\u00e7 es va celebrar al TJUE la vista de la q\u00fcesti\u00f3 prejudicial d&#8217;IRPH elevada per un jutjat de Palma de Mallorca. El passat 16 de mar\u00e7 a les 9.30h es va celebrar al Tribunal de Just\u00edcia de la Uni\u00f3 Europea (TJUE) la vista sobre la q\u00fcesti\u00f3 prejudicial d&#8217;IRPH de Mallorca, concretament plantejada [&hellip;]<\/p>\n","protected":false},"author":3,"featured_media":8124,"comment_status":"closed","ping_status":"closed","sticky":false,"template":"","format":"standard","meta":{"_acf_changed":false,"_monsterinsights_skip_tracking":false,"_monsterinsights_sitenote_active":false,"_monsterinsights_sitenote_note":"","_monsterinsights_sitenote_category":0,"footnotes":""},"categories":[282],"tags":[],"class_list":["post-8168","post","type-post","status-publish","format-standard","has-post-thumbnail","hentry","category-irph-ca"],"acf":[],"yoast_head":"<!-- This site is optimized with the Yoast SEO plugin v27.2 - https:\/\/yoast.com\/product\/yoast-seo-wordpress\/ -->\n<title>Q\u00fcesti\u00f3 prejudicial irph Mallorca<\/title>\n<meta name=\"description\" content=\"El 16 de mar\u00e7 passat es va celebrar al TJUE la vista de la q\u00fcesti\u00f3 prejudicial d&#039;IRPH elevada per un Jutjat de Palma de Mallorca.\" \/>\n<meta name=\"robots\" content=\"index, follow, max-snippet:-1, max-image-preview:large, max-video-preview:-1\" \/>\n<link rel=\"canonical\" href=\"https:\/\/www.bbsabogados.com\/ca\/irph-el-tjue-ha-celebrat-la-vista-sobre-la-questio-prejudicial-de-mallorca\/\" \/>\n<meta property=\"og:locale\" content=\"ca_ES\" \/>\n<meta property=\"og:type\" content=\"article\" \/>\n<meta property=\"og:title\" content=\"Q\u00fcesti\u00f3 prejudicial irph Mallorca\" \/>\n<meta property=\"og:description\" content=\"El 16 de mar\u00e7 passat es va celebrar al TJUE la vista de la q\u00fcesti\u00f3 prejudicial d&#039;IRPH elevada per un Jutjat de Palma de Mallorca.\" \/>\n<meta property=\"og:url\" content=\"https:\/\/www.bbsabogados.com\/ca\/irph-el-tjue-ha-celebrat-la-vista-sobre-la-questio-prejudicial-de-mallorca\/\" \/>\n<meta property=\"og:site_name\" content=\"Despacho BBS Abogados\" \/>\n<meta property=\"article:publisher\" content=\"https:\/\/www.linkedin.com\/in\/arcadi-sala-planell-bbs-abogados-29a37516\/\" \/>\n<meta property=\"article:published_time\" content=\"2023-04-17T18:22:49+00:00\" \/>\n<meta property=\"article:modified_time\" content=\"2026-03-05T16:39:28+00:00\" \/>\n<meta property=\"og:image\" content=\"https:\/\/www.bbsabogados.com\/wp-content\/uploads\/2023\/04\/IRPH-TJEU-Mallorca-1.jpg\" \/>\n\t<meta property=\"og:image:width\" content=\"638\" \/>\n\t<meta property=\"og:image:height\" content=\"402\" \/>\n\t<meta property=\"og:image:type\" content=\"image\/jpeg\" \/>\n<meta name=\"author\" content=\"Arcadi Sala-Planell\" \/>\n<meta name=\"twitter:card\" content=\"summary_large_image\" \/>\n<meta name=\"twitter:creator\" content=\"@bbsabogados\" \/>\n<meta name=\"twitter:site\" content=\"@bbsabogados\" \/>\n<meta name=\"twitter:label1\" content=\"Escrit per\" \/>\n\t<meta name=\"twitter:data1\" content=\"Arcadi Sala-Planell\" \/>\n\t<meta name=\"twitter:label2\" content=\"Temps estimat de lectura\" \/>\n\t<meta name=\"twitter:data2\" content=\"5 minuts\" \/>\n<script type=\"application\/ld+json\" class=\"yoast-schema-graph\">{\"@context\":\"https:\/\/schema.org\",\"@graph\":[{\"@type\":\"Article\",\"@id\":\"https:\/\/www.bbsabogados.com\/ca\/irph-el-tjue-ha-celebrat-la-vista-sobre-la-questio-prejudicial-de-mallorca\/#article\",\"isPartOf\":{\"@id\":\"https:\/\/www.bbsabogados.com\/ca\/irph-el-tjue-ha-celebrat-la-vista-sobre-la-questio-prejudicial-de-mallorca\/\"},\"author\":{\"name\":\"Arcadi Sala-Planell\",\"@id\":\"https:\/\/www.bbsabogados.com\/ca\/#\/schema\/person\/713a0deadf95fc79d77406bc73f52279\"},\"headline\":\"IRPH: El TJUE ha celebrat la vista sobre la q\u00fcesti\u00f3 prejudicial de Mallorca\",\"datePublished\":\"2023-04-17T18:22:49+00:00\",\"dateModified\":\"2026-03-05T16:39:28+00:00\",\"mainEntityOfPage\":{\"@id\":\"https:\/\/www.bbsabogados.com\/ca\/irph-el-tjue-ha-celebrat-la-vista-sobre-la-questio-prejudicial-de-mallorca\/\"},\"wordCount\":862,\"publisher\":{\"@id\":\"https:\/\/www.bbsabogados.com\/ca\/#organization\"},\"image\":{\"@id\":\"https:\/\/www.bbsabogados.com\/ca\/irph-el-tjue-ha-celebrat-la-vista-sobre-la-questio-prejudicial-de-mallorca\/#primaryimage\"},\"thumbnailUrl\":\"https:\/\/www.bbsabogados.com\/wp-content\/uploads\/2023\/04\/IRPH-TJEU-Mallorca-1.jpg\",\"articleSection\":[\"IRPH\"],\"inLanguage\":\"ca\"},{\"@type\":\"WebPage\",\"@id\":\"https:\/\/www.bbsabogados.com\/ca\/irph-el-tjue-ha-celebrat-la-vista-sobre-la-questio-prejudicial-de-mallorca\/\",\"url\":\"https:\/\/www.bbsabogados.com\/ca\/irph-el-tjue-ha-celebrat-la-vista-sobre-la-questio-prejudicial-de-mallorca\/\",\"name\":\"Q\u00fcesti\u00f3 prejudicial irph Mallorca\",\"isPartOf\":{\"@id\":\"https:\/\/www.bbsabogados.com\/ca\/#website\"},\"primaryImageOfPage\":{\"@id\":\"https:\/\/www.bbsabogados.com\/ca\/irph-el-tjue-ha-celebrat-la-vista-sobre-la-questio-prejudicial-de-mallorca\/#primaryimage\"},\"image\":{\"@id\":\"https:\/\/www.bbsabogados.com\/ca\/irph-el-tjue-ha-celebrat-la-vista-sobre-la-questio-prejudicial-de-mallorca\/#primaryimage\"},\"thumbnailUrl\":\"https:\/\/www.bbsabogados.com\/wp-content\/uploads\/2023\/04\/IRPH-TJEU-Mallorca-1.jpg\",\"datePublished\":\"2023-04-17T18:22:49+00:00\",\"dateModified\":\"2026-03-05T16:39:28+00:00\",\"description\":\"El 16 de mar\u00e7 passat es va celebrar al TJUE la vista de la q\u00fcesti\u00f3 prejudicial d'IRPH elevada per un Jutjat de Palma de Mallorca.\",\"breadcrumb\":{\"@id\":\"https:\/\/www.bbsabogados.com\/ca\/irph-el-tjue-ha-celebrat-la-vista-sobre-la-questio-prejudicial-de-mallorca\/#breadcrumb\"},\"inLanguage\":\"ca\",\"potentialAction\":[{\"@type\":\"ReadAction\",\"target\":[\"https:\/\/www.bbsabogados.com\/ca\/irph-el-tjue-ha-celebrat-la-vista-sobre-la-questio-prejudicial-de-mallorca\/\"]}]},{\"@type\":\"ImageObject\",\"inLanguage\":\"ca\",\"@id\":\"https:\/\/www.bbsabogados.com\/ca\/irph-el-tjue-ha-celebrat-la-vista-sobre-la-questio-prejudicial-de-mallorca\/#primaryimage\",\"url\":\"https:\/\/www.bbsabogados.com\/wp-content\/uploads\/2023\/04\/IRPH-TJEU-Mallorca-1.jpg\",\"contentUrl\":\"https:\/\/www.bbsabogados.com\/wp-content\/uploads\/2023\/04\/IRPH-TJEU-Mallorca-1.jpg\",\"width\":638,\"height\":402,\"caption\":\"El TJUE ha celebrado la vista sobre la cuesti\u00f3n prejudicial de Mallorca\"},{\"@type\":\"BreadcrumbList\",\"@id\":\"https:\/\/www.bbsabogados.com\/ca\/irph-el-tjue-ha-celebrat-la-vista-sobre-la-questio-prejudicial-de-mallorca\/#breadcrumb\",\"itemListElement\":[{\"@type\":\"ListItem\",\"position\":1,\"name\":\"Inicio\",\"item\":\"https:\/\/www.bbsabogados.com\/ca\/\"},{\"@type\":\"ListItem\",\"position\":2,\"name\":\"IRPH\",\"item\":\"https:\/\/www.bbsabogados.com\/ca\/categoria\/irph-ca\/\"},{\"@type\":\"ListItem\",\"position\":3,\"name\":\"IRPH: El TJUE ha celebrat la vista sobre la q\u00fcesti\u00f3 prejudicial de Mallorca\"}]},{\"@type\":\"WebSite\",\"@id\":\"https:\/\/www.bbsabogados.com\/ca\/#website\",\"url\":\"https:\/\/www.bbsabogados.com\/ca\/\",\"name\":\"BBS Abogados\",\"description\":\"Expertos en Derecho Bancario y Financiero\",\"publisher\":{\"@id\":\"https:\/\/www.bbsabogados.com\/ca\/#organization\"},\"potentialAction\":[{\"@type\":\"SearchAction\",\"target\":{\"@type\":\"EntryPoint\",\"urlTemplate\":\"https:\/\/www.bbsabogados.com\/ca\/?s={search_term_string}\"},\"query-input\":{\"@type\":\"PropertyValueSpecification\",\"valueRequired\":true,\"valueName\":\"search_term_string\"}}],\"inLanguage\":\"ca\"},{\"@type\":\"Organization\",\"@id\":\"https:\/\/www.bbsabogados.com\/ca\/#organization\",\"name\":\"BBS Abogados\",\"url\":\"https:\/\/www.bbsabogados.com\/ca\/\",\"logo\":{\"@type\":\"ImageObject\",\"inLanguage\":\"ca\",\"@id\":\"https:\/\/www.bbsabogados.com\/ca\/#\/schema\/logo\/image\/\",\"url\":\"https:\/\/www.bbsabogados.com\/wp-content\/uploads\/2020\/02\/LOGO_Abogados_BBS.png\",\"contentUrl\":\"https:\/\/www.bbsabogados.com\/wp-content\/uploads\/2020\/02\/LOGO_Abogados_BBS.png\",\"width\":130,\"height\":83,\"caption\":\"BBS Abogados\"},\"image\":{\"@id\":\"https:\/\/www.bbsabogados.com\/ca\/#\/schema\/logo\/image\/\"},\"sameAs\":[\"https:\/\/www.linkedin.com\/in\/arcadi-sala-planell-bbs-abogados-29a37516\/\",\"https:\/\/x.com\/bbsabogados\",\"https:\/\/www.facebook.com\/pages\/BBS-Abogados-y-Asesores-Financieros\/161040880606162\",\"https:\/\/www.instagram.com\/bbsabogados\/\"]},{\"@type\":\"Person\",\"@id\":\"https:\/\/www.bbsabogados.com\/ca\/#\/schema\/person\/713a0deadf95fc79d77406bc73f52279\",\"name\":\"Arcadi Sala-Planell\",\"image\":{\"@type\":\"ImageObject\",\"inLanguage\":\"ca\",\"@id\":\"https:\/\/secure.gravatar.com\/avatar\/d305bd39cf310b98af953dec4cabbcd5f6c5a2d79f006648755a8493629a7138?s=96&d=mm&r=g\",\"url\":\"https:\/\/secure.gravatar.com\/avatar\/d305bd39cf310b98af953dec4cabbcd5f6c5a2d79f006648755a8493629a7138?s=96&d=mm&r=g\",\"contentUrl\":\"https:\/\/secure.gravatar.com\/avatar\/d305bd39cf310b98af953dec4cabbcd5f6c5a2d79f006648755a8493629a7138?s=96&d=mm&r=g\",\"caption\":\"Arcadi Sala-Planell\"}}]}<\/script>\n<!-- \/ Yoast SEO plugin. -->","yoast_head_json":{"title":"Q\u00fcesti\u00f3 prejudicial irph Mallorca","description":"El 16 de mar\u00e7 passat es va celebrar al TJUE la vista de la q\u00fcesti\u00f3 prejudicial d'IRPH elevada per un Jutjat de Palma de Mallorca.","robots":{"index":"index","follow":"follow","max-snippet":"max-snippet:-1","max-image-preview":"max-image-preview:large","max-video-preview":"max-video-preview:-1"},"canonical":"https:\/\/www.bbsabogados.com\/ca\/irph-el-tjue-ha-celebrat-la-vista-sobre-la-questio-prejudicial-de-mallorca\/","og_locale":"ca_ES","og_type":"article","og_title":"Q\u00fcesti\u00f3 prejudicial irph Mallorca","og_description":"El 16 de mar\u00e7 passat es va celebrar al TJUE la vista de la q\u00fcesti\u00f3 prejudicial d'IRPH elevada per un Jutjat de Palma de Mallorca.","og_url":"https:\/\/www.bbsabogados.com\/ca\/irph-el-tjue-ha-celebrat-la-vista-sobre-la-questio-prejudicial-de-mallorca\/","og_site_name":"Despacho BBS Abogados","article_publisher":"https:\/\/www.linkedin.com\/in\/arcadi-sala-planell-bbs-abogados-29a37516\/","article_published_time":"2023-04-17T18:22:49+00:00","article_modified_time":"2026-03-05T16:39:28+00:00","og_image":[{"width":638,"height":402,"url":"https:\/\/www.bbsabogados.com\/wp-content\/uploads\/2023\/04\/IRPH-TJEU-Mallorca-1.jpg","type":"image\/jpeg"}],"author":"Arcadi Sala-Planell","twitter_card":"summary_large_image","twitter_creator":"@bbsabogados","twitter_site":"@bbsabogados","twitter_misc":{"Escrit per":"Arcadi Sala-Planell","Temps estimat de lectura":"5 minuts"},"schema":{"@context":"https:\/\/schema.org","@graph":[{"@type":"Article","@id":"https:\/\/www.bbsabogados.com\/ca\/irph-el-tjue-ha-celebrat-la-vista-sobre-la-questio-prejudicial-de-mallorca\/#article","isPartOf":{"@id":"https:\/\/www.bbsabogados.com\/ca\/irph-el-tjue-ha-celebrat-la-vista-sobre-la-questio-prejudicial-de-mallorca\/"},"author":{"name":"Arcadi Sala-Planell","@id":"https:\/\/www.bbsabogados.com\/ca\/#\/schema\/person\/713a0deadf95fc79d77406bc73f52279"},"headline":"IRPH: El TJUE ha celebrat la vista sobre la q\u00fcesti\u00f3 prejudicial de Mallorca","datePublished":"2023-04-17T18:22:49+00:00","dateModified":"2026-03-05T16:39:28+00:00","mainEntityOfPage":{"@id":"https:\/\/www.bbsabogados.com\/ca\/irph-el-tjue-ha-celebrat-la-vista-sobre-la-questio-prejudicial-de-mallorca\/"},"wordCount":862,"publisher":{"@id":"https:\/\/www.bbsabogados.com\/ca\/#organization"},"image":{"@id":"https:\/\/www.bbsabogados.com\/ca\/irph-el-tjue-ha-celebrat-la-vista-sobre-la-questio-prejudicial-de-mallorca\/#primaryimage"},"thumbnailUrl":"https:\/\/www.bbsabogados.com\/wp-content\/uploads\/2023\/04\/IRPH-TJEU-Mallorca-1.jpg","articleSection":["IRPH"],"inLanguage":"ca"},{"@type":"WebPage","@id":"https:\/\/www.bbsabogados.com\/ca\/irph-el-tjue-ha-celebrat-la-vista-sobre-la-questio-prejudicial-de-mallorca\/","url":"https:\/\/www.bbsabogados.com\/ca\/irph-el-tjue-ha-celebrat-la-vista-sobre-la-questio-prejudicial-de-mallorca\/","name":"Q\u00fcesti\u00f3 prejudicial irph Mallorca","isPartOf":{"@id":"https:\/\/www.bbsabogados.com\/ca\/#website"},"primaryImageOfPage":{"@id":"https:\/\/www.bbsabogados.com\/ca\/irph-el-tjue-ha-celebrat-la-vista-sobre-la-questio-prejudicial-de-mallorca\/#primaryimage"},"image":{"@id":"https:\/\/www.bbsabogados.com\/ca\/irph-el-tjue-ha-celebrat-la-vista-sobre-la-questio-prejudicial-de-mallorca\/#primaryimage"},"thumbnailUrl":"https:\/\/www.bbsabogados.com\/wp-content\/uploads\/2023\/04\/IRPH-TJEU-Mallorca-1.jpg","datePublished":"2023-04-17T18:22:49+00:00","dateModified":"2026-03-05T16:39:28+00:00","description":"El 16 de mar\u00e7 passat es va celebrar al TJUE la vista de la q\u00fcesti\u00f3 prejudicial d'IRPH elevada per un Jutjat de Palma de Mallorca.","breadcrumb":{"@id":"https:\/\/www.bbsabogados.com\/ca\/irph-el-tjue-ha-celebrat-la-vista-sobre-la-questio-prejudicial-de-mallorca\/#breadcrumb"},"inLanguage":"ca","potentialAction":[{"@type":"ReadAction","target":["https:\/\/www.bbsabogados.com\/ca\/irph-el-tjue-ha-celebrat-la-vista-sobre-la-questio-prejudicial-de-mallorca\/"]}]},{"@type":"ImageObject","inLanguage":"ca","@id":"https:\/\/www.bbsabogados.com\/ca\/irph-el-tjue-ha-celebrat-la-vista-sobre-la-questio-prejudicial-de-mallorca\/#primaryimage","url":"https:\/\/www.bbsabogados.com\/wp-content\/uploads\/2023\/04\/IRPH-TJEU-Mallorca-1.jpg","contentUrl":"https:\/\/www.bbsabogados.com\/wp-content\/uploads\/2023\/04\/IRPH-TJEU-Mallorca-1.jpg","width":638,"height":402,"caption":"El TJUE ha celebrado la vista sobre la cuesti\u00f3n prejudicial de Mallorca"},{"@type":"BreadcrumbList","@id":"https:\/\/www.bbsabogados.com\/ca\/irph-el-tjue-ha-celebrat-la-vista-sobre-la-questio-prejudicial-de-mallorca\/#breadcrumb","itemListElement":[{"@type":"ListItem","position":1,"name":"Inicio","item":"https:\/\/www.bbsabogados.com\/ca\/"},{"@type":"ListItem","position":2,"name":"IRPH","item":"https:\/\/www.bbsabogados.com\/ca\/categoria\/irph-ca\/"},{"@type":"ListItem","position":3,"name":"IRPH: El TJUE ha celebrat la vista sobre la q\u00fcesti\u00f3 prejudicial de Mallorca"}]},{"@type":"WebSite","@id":"https:\/\/www.bbsabogados.com\/ca\/#website","url":"https:\/\/www.bbsabogados.com\/ca\/","name":"BBS Abogados","description":"Expertos en Derecho Bancario y Financiero","publisher":{"@id":"https:\/\/www.bbsabogados.com\/ca\/#organization"},"potentialAction":[{"@type":"SearchAction","target":{"@type":"EntryPoint","urlTemplate":"https:\/\/www.bbsabogados.com\/ca\/?s={search_term_string}"},"query-input":{"@type":"PropertyValueSpecification","valueRequired":true,"valueName":"search_term_string"}}],"inLanguage":"ca"},{"@type":"Organization","@id":"https:\/\/www.bbsabogados.com\/ca\/#organization","name":"BBS Abogados","url":"https:\/\/www.bbsabogados.com\/ca\/","logo":{"@type":"ImageObject","inLanguage":"ca","@id":"https:\/\/www.bbsabogados.com\/ca\/#\/schema\/logo\/image\/","url":"https:\/\/www.bbsabogados.com\/wp-content\/uploads\/2020\/02\/LOGO_Abogados_BBS.png","contentUrl":"https:\/\/www.bbsabogados.com\/wp-content\/uploads\/2020\/02\/LOGO_Abogados_BBS.png","width":130,"height":83,"caption":"BBS Abogados"},"image":{"@id":"https:\/\/www.bbsabogados.com\/ca\/#\/schema\/logo\/image\/"},"sameAs":["https:\/\/www.linkedin.com\/in\/arcadi-sala-planell-bbs-abogados-29a37516\/","https:\/\/x.com\/bbsabogados","https:\/\/www.facebook.com\/pages\/BBS-Abogados-y-Asesores-Financieros\/161040880606162","https:\/\/www.instagram.com\/bbsabogados\/"]},{"@type":"Person","@id":"https:\/\/www.bbsabogados.com\/ca\/#\/schema\/person\/713a0deadf95fc79d77406bc73f52279","name":"Arcadi Sala-Planell","image":{"@type":"ImageObject","inLanguage":"ca","@id":"https:\/\/secure.gravatar.com\/avatar\/d305bd39cf310b98af953dec4cabbcd5f6c5a2d79f006648755a8493629a7138?s=96&d=mm&r=g","url":"https:\/\/secure.gravatar.com\/avatar\/d305bd39cf310b98af953dec4cabbcd5f6c5a2d79f006648755a8493629a7138?s=96&d=mm&r=g","contentUrl":"https:\/\/secure.gravatar.com\/avatar\/d305bd39cf310b98af953dec4cabbcd5f6c5a2d79f006648755a8493629a7138?s=96&d=mm&r=g","caption":"Arcadi Sala-Planell"}}]}},"_links":{"self":[{"href":"https:\/\/www.bbsabogados.com\/ca\/wp-json\/wp\/v2\/posts\/8168","targetHints":{"allow":["GET"]}}],"collection":[{"href":"https:\/\/www.bbsabogados.com\/ca\/wp-json\/wp\/v2\/posts"}],"about":[{"href":"https:\/\/www.bbsabogados.com\/ca\/wp-json\/wp\/v2\/types\/post"}],"author":[{"embeddable":true,"href":"https:\/\/www.bbsabogados.com\/ca\/wp-json\/wp\/v2\/users\/3"}],"replies":[{"embeddable":true,"href":"https:\/\/www.bbsabogados.com\/ca\/wp-json\/wp\/v2\/comments?post=8168"}],"version-history":[{"count":1,"href":"https:\/\/www.bbsabogados.com\/ca\/wp-json\/wp\/v2\/posts\/8168\/revisions"}],"predecessor-version":[{"id":14754,"href":"https:\/\/www.bbsabogados.com\/ca\/wp-json\/wp\/v2\/posts\/8168\/revisions\/14754"}],"wp:featuredmedia":[{"embeddable":true,"href":"https:\/\/www.bbsabogados.com\/ca\/wp-json\/wp\/v2\/media\/8124"}],"wp:attachment":[{"href":"https:\/\/www.bbsabogados.com\/ca\/wp-json\/wp\/v2\/media?parent=8168"}],"wp:term":[{"taxonomy":"category","embeddable":true,"href":"https:\/\/www.bbsabogados.com\/ca\/wp-json\/wp\/v2\/categories?post=8168"},{"taxonomy":"post_tag","embeddable":true,"href":"https:\/\/www.bbsabogados.com\/ca\/wp-json\/wp\/v2\/tags?post=8168"}],"curies":[{"name":"wp","href":"https:\/\/api.w.org\/{rel}","templated":true}]}}