{"id":8295,"date":"2023-05-09T09:31:42","date_gmt":"2023-05-09T07:31:42","guid":{"rendered":"https:\/\/www.bbsabogados.com\/reclamar-a-lasseguranca-per-tancament-durant-el-covid\/"},"modified":"2026-03-06T06:18:02","modified_gmt":"2026-03-06T05:18:02","slug":"reclamar-a-lasseguranca-per-tancament-durant-el-covid","status":"publish","type":"post","link":"https:\/\/www.bbsabogados.com\/ca\/reclamar-a-lasseguranca-per-tancament-durant-el-covid\/","title":{"rendered":"Reclamar a l&#8217;asseguran\u00e7a per tancament durant el c\u00f3vid"},"content":{"rendered":"\n<h3 class=\"wp-block-heading\">Es posible reclamar al Seguro por el cierre del negocio durante la pandemia. <\/h3>\n\n\n\n<p>Han sido muchos los negocios que durante la pandemia del <strong>Covid-19<\/strong> se han visto obligados a cerrar, con las p\u00e9rdidas econ\u00f3micas que ello conlleva. Ante esta situaci\u00f3n, <strong>muchos empresarios se han planteado reclamar a su seguro compensaciones por el cierre durante el Covid.<\/strong><\/p>\n\n\n\n<p>Ahora se est\u00e1n empezando a dictar las<strong> primeras sentencias favorables <\/strong>que resuelven estos casos, por lo que muchos negocios como restaurantes se est\u00e1n animando a reclamar a sus seguros. <\/p>\n\n\n\n<h4 class=\"wp-block-heading\"><strong>\u00bfQu\u00e9 sentencias favorables se han dictado hasta ahora?<\/strong><\/h4>\n\n\n\n<p>De momento,&nbsp;<strong>son tres las sentencias favorables <\/strong>que han trascendido en los medios de comunicaci\u00f3n.<\/p>\n\n\n\n<p>Dos de ellas han sido dictadas por la <strong>Audiencia Provincial de Girona<\/strong>. La primera obliga al seguro a indemnizar a una pizzer\u00eda con <strong>6.000 Euros<\/strong>, y la segunda condena a la compa\u00f1\u00eda de seguro a abonar <strong>18.000 Euros<\/strong> a un restaurante. <\/p>\n\n\n\n<p>La m\u00e1s reciente ha sido dictada por el <strong>Juzgado de Primera Instancia n\u00ba 14 de Granada<\/strong>. Dicha resoluci\u00f3n, que a\u00fan no es firme, condena al seguro a pagar <strong>80.000 Euros <\/strong>a un restaurante <\/p>\n\n\n\n<h4 class=\"wp-block-heading\"><strong>La clave est\u00e1 en el redactado de la P\u00f3liza del seguro.<\/strong><\/h4>\n\n\n\n<p>Cada caso es diferente. La clave para determinar la viabilidad de reclamar est\u00e1 en el <strong>redactado de la p\u00f3liza y en las exclusiones previstas <\/strong>en las condiciones generales del seguro. <\/p>\n\n\n\n<p>Por lo tanto, la posibilidad de reclamar al Seguro por el cierre derivado del Covid -19 depender\u00e1 del redactado de cada p\u00f3liza y de la interpretaci\u00f3n que de \u00e9sta haga el juez.<\/p>\n\n\n\n<p>Adem\u00e1s, tambi\u00e9n hay que tener muy en cuenta que <strong>muchas Compa\u00f1\u00edas de Seguros incumplen reiteradamente obligaciones formales en la celebraci\u00f3n de los&nbsp;<a href=\"https:\/\/www.boe.es\/buscar\/act.php?id=BOE-A-1980-22501\" target=\"_blank\" rel=\"noreferrer noopener\">contratos de seguros<\/a><\/strong>, lo cual tambi\u00e9n ampl\u00eda la viabilidad en las reclamaciones.<\/p>\n\n\n\n<h4 class=\"wp-block-heading\">Desde BBS Abogados podemos ayudar.<\/h4>\n\n\n\n<p>Desde&nbsp;<strong><a href=\"https:\/\/www.bbsabogados.com\/\" target=\"_blank\" rel=\"noreferrer noopener\">BBS Abogados<\/a><\/strong>, expertos en reclamaciones a Compa\u00f1\u00edas de Seguros,&nbsp;<strong>estudiamos su caso concreto <\/strong>para determinar si concurren las circunstancias para reclamar una indemnizaci\u00f3n. Si su caso es viable, le enviaremos un presupuesto ajustado a su situaci\u00f3n para negociar con su compa\u00f1\u00eda y para representarle en un procedimiento judicial.<\/p>\n\n\n\n<p>No dude en&nbsp;contactar con nosotros a trav\u00e9s de nuestro f<a href=\"https:\/\/www.bbsabogados.com\/ca\/oficines\/\" target=\"_blank\" aria-label=\"undefined (abre en una nueva pesta\u00f1a)\" rel=\"noreferrer noopener\">ormulario de contacto<\/a>, &nbsp;llamando al 93 760 53 77 o escribi\u00e9ndonos a bbsabogados@bbsabogados.com.<\/p>\n","protected":false},"excerpt":{"rendered":"<p>Es posible reclamar al Seguro por el cierre del negocio durante la pandemia. Han sido muchos los negocios que durante la pandemia del Covid-19 se han visto obligados a cerrar, con las p\u00e9rdidas econ\u00f3micas que ello conlleva. Ante esta situaci\u00f3n, muchos empresarios se han planteado reclamar a su seguro compensaciones por el cierre durante el [&hellip;]<\/p>\n","protected":false},"author":3,"featured_media":5648,"comment_status":"closed","ping_status":"closed","sticky":false,"template":"","format":"standard","meta":{"_acf_changed":false,"_monsterinsights_skip_tracking":false,"_monsterinsights_sitenote_active":false,"_monsterinsights_sitenote_note":"","_monsterinsights_sitenote_category":0,"footnotes":""},"categories":[270,269,341],"tags":[],"class_list":["post-8295","post","type-post","status-publish","format-standard","has-post-thumbnail","hentry","category-assesorament-hipoteques","category-noticies-juridiques-novetats-legals-rellevants","category-noticies-juridiques"],"acf":[],"yoast_head":"<!-- This site is optimized with the Yoast SEO plugin v27.2 - https:\/\/yoast.com\/product\/yoast-seo-wordpress\/ -->\n<title>Reclamar a l&#039;asseguran\u00e7a per tancament durant el c\u00f3vid<\/title>\n<meta name=\"description\" content=\"Reclamar a l&#039;asseguran\u00e7a per tancament durant el c\u00f3vid\" \/>\n<meta name=\"robots\" content=\"index, follow, max-snippet:-1, max-image-preview:large, max-video-preview:-1\" \/>\n<link rel=\"canonical\" href=\"https:\/\/www.bbsabogados.com\/ca\/reclamar-a-lasseguranca-per-tancament-durant-el-covid\/\" \/>\n<meta property=\"og:locale\" content=\"ca_ES\" \/>\n<meta property=\"og:type\" content=\"article\" \/>\n<meta property=\"og:title\" content=\"Reclamar a l&#039;asseguran\u00e7a per tancament durant el c\u00f3vid\" \/>\n<meta property=\"og:description\" content=\"Reclamar a l&#039;asseguran\u00e7a per tancament durant el c\u00f3vid\" \/>\n<meta property=\"og:url\" content=\"https:\/\/www.bbsabogados.com\/ca\/reclamar-a-lasseguranca-per-tancament-durant-el-covid\/\" \/>\n<meta property=\"og:site_name\" content=\"Despacho BBS Abogados\" \/>\n<meta property=\"article:publisher\" content=\"https:\/\/www.linkedin.com\/in\/arcadi-sala-planell-bbs-abogados-29a37516\/\" \/>\n<meta property=\"article:published_time\" content=\"2023-05-09T07:31:42+00:00\" \/>\n<meta property=\"article:modified_time\" content=\"2026-03-06T05:18:02+00:00\" \/>\n<meta property=\"og:image\" content=\"https:\/\/www.bbsabogados.com\/wp-content\/uploads\/2021\/07\/reclamar-al-seguro-por-cierre-durante-el-covid.jpg\" \/>\n\t<meta property=\"og:image:width\" content=\"600\" \/>\n\t<meta property=\"og:image:height\" content=\"335\" \/>\n\t<meta property=\"og:image:type\" content=\"image\/jpeg\" \/>\n<meta name=\"author\" content=\"Arcadi Sala-Planell\" \/>\n<meta name=\"twitter:card\" content=\"summary_large_image\" \/>\n<meta name=\"twitter:creator\" content=\"@bbsabogados\" \/>\n<meta name=\"twitter:site\" content=\"@bbsabogados\" \/>\n<meta name=\"twitter:label1\" content=\"Escrit per\" \/>\n\t<meta name=\"twitter:data1\" content=\"Arcadi Sala-Planell\" \/>\n\t<meta name=\"twitter:label2\" content=\"Temps estimat de lectura\" \/>\n\t<meta name=\"twitter:data2\" content=\"2 minuts\" \/>\n<script type=\"application\/ld+json\" class=\"yoast-schema-graph\">{\"@context\":\"https:\/\/schema.org\",\"@graph\":[{\"@type\":\"Article\",\"@id\":\"https:\/\/www.bbsabogados.com\/ca\/reclamar-a-lasseguranca-per-tancament-durant-el-covid\/#article\",\"isPartOf\":{\"@id\":\"https:\/\/www.bbsabogados.com\/ca\/reclamar-a-lasseguranca-per-tancament-durant-el-covid\/\"},\"author\":{\"name\":\"Arcadi Sala-Planell\",\"@id\":\"https:\/\/www.bbsabogados.com\/ca\/#\/schema\/person\/713a0deadf95fc79d77406bc73f52279\"},\"headline\":\"Reclamar a l&#8217;asseguran\u00e7a per tancament durant el c\u00f3vid\",\"datePublished\":\"2023-05-09T07:31:42+00:00\",\"dateModified\":\"2026-03-06T05:18:02+00:00\",\"mainEntityOfPage\":{\"@id\":\"https:\/\/www.bbsabogados.com\/ca\/reclamar-a-lasseguranca-per-tancament-durant-el-covid\/\"},\"wordCount\":404,\"publisher\":{\"@id\":\"https:\/\/www.bbsabogados.com\/ca\/#organization\"},\"image\":{\"@id\":\"https:\/\/www.bbsabogados.com\/ca\/reclamar-a-lasseguranca-per-tancament-durant-el-covid\/#primaryimage\"},\"thumbnailUrl\":\"https:\/\/www.bbsabogados.com\/wp-content\/uploads\/2021\/07\/reclamar-al-seguro-por-cierre-durante-el-covid.jpg\",\"articleSection\":[\"Assessorament hipoteques\",\"Not\u00edcies Jur\u00eddiques\",\"Noticies Juridiques\"],\"inLanguage\":\"ca\"},{\"@type\":\"WebPage\",\"@id\":\"https:\/\/www.bbsabogados.com\/ca\/reclamar-a-lasseguranca-per-tancament-durant-el-covid\/\",\"url\":\"https:\/\/www.bbsabogados.com\/ca\/reclamar-a-lasseguranca-per-tancament-durant-el-covid\/\",\"name\":\"Reclamar a l'asseguran\u00e7a per tancament durant el c\u00f3vid\",\"isPartOf\":{\"@id\":\"https:\/\/www.bbsabogados.com\/ca\/#website\"},\"primaryImageOfPage\":{\"@id\":\"https:\/\/www.bbsabogados.com\/ca\/reclamar-a-lasseguranca-per-tancament-durant-el-covid\/#primaryimage\"},\"image\":{\"@id\":\"https:\/\/www.bbsabogados.com\/ca\/reclamar-a-lasseguranca-per-tancament-durant-el-covid\/#primaryimage\"},\"thumbnailUrl\":\"https:\/\/www.bbsabogados.com\/wp-content\/uploads\/2021\/07\/reclamar-al-seguro-por-cierre-durante-el-covid.jpg\",\"datePublished\":\"2023-05-09T07:31:42+00:00\",\"dateModified\":\"2026-03-06T05:18:02+00:00\",\"description\":\"Reclamar a l'asseguran\u00e7a per tancament durant el c\u00f3vid\",\"breadcrumb\":{\"@id\":\"https:\/\/www.bbsabogados.com\/ca\/reclamar-a-lasseguranca-per-tancament-durant-el-covid\/#breadcrumb\"},\"inLanguage\":\"ca\",\"potentialAction\":[{\"@type\":\"ReadAction\",\"target\":[\"https:\/\/www.bbsabogados.com\/ca\/reclamar-a-lasseguranca-per-tancament-durant-el-covid\/\"]}]},{\"@type\":\"ImageObject\",\"inLanguage\":\"ca\",\"@id\":\"https:\/\/www.bbsabogados.com\/ca\/reclamar-a-lasseguranca-per-tancament-durant-el-covid\/#primaryimage\",\"url\":\"https:\/\/www.bbsabogados.com\/wp-content\/uploads\/2021\/07\/reclamar-al-seguro-por-cierre-durante-el-covid.jpg\",\"contentUrl\":\"https:\/\/www.bbsabogados.com\/wp-content\/uploads\/2021\/07\/reclamar-al-seguro-por-cierre-durante-el-covid.jpg\",\"width\":600,\"height\":335},{\"@type\":\"BreadcrumbList\",\"@id\":\"https:\/\/www.bbsabogados.com\/ca\/reclamar-a-lasseguranca-per-tancament-durant-el-covid\/#breadcrumb\",\"itemListElement\":[{\"@type\":\"ListItem\",\"position\":1,\"name\":\"Inicio\",\"item\":\"https:\/\/www.bbsabogados.com\/ca\/\"},{\"@type\":\"ListItem\",\"position\":2,\"name\":\"Not\u00edcies Jur\u00eddiques\",\"item\":\"https:\/\/www.bbsabogados.com\/ca\/categoria\/noticies-juridiques-novetats-legals-rellevants\/\"},{\"@type\":\"ListItem\",\"position\":3,\"name\":\"Reclamar a l&#8217;asseguran\u00e7a per tancament durant el c\u00f3vid\"}]},{\"@type\":\"WebSite\",\"@id\":\"https:\/\/www.bbsabogados.com\/ca\/#website\",\"url\":\"https:\/\/www.bbsabogados.com\/ca\/\",\"name\":\"BBS Abogados\",\"description\":\"Expertos en Derecho Bancario y Financiero\",\"publisher\":{\"@id\":\"https:\/\/www.bbsabogados.com\/ca\/#organization\"},\"potentialAction\":[{\"@type\":\"SearchAction\",\"target\":{\"@type\":\"EntryPoint\",\"urlTemplate\":\"https:\/\/www.bbsabogados.com\/ca\/?s={search_term_string}\"},\"query-input\":{\"@type\":\"PropertyValueSpecification\",\"valueRequired\":true,\"valueName\":\"search_term_string\"}}],\"inLanguage\":\"ca\"},{\"@type\":\"Organization\",\"@id\":\"https:\/\/www.bbsabogados.com\/ca\/#organization\",\"name\":\"BBS Abogados\",\"url\":\"https:\/\/www.bbsabogados.com\/ca\/\",\"logo\":{\"@type\":\"ImageObject\",\"inLanguage\":\"ca\",\"@id\":\"https:\/\/www.bbsabogados.com\/ca\/#\/schema\/logo\/image\/\",\"url\":\"https:\/\/www.bbsabogados.com\/wp-content\/uploads\/2020\/02\/LOGO_Abogados_BBS.png\",\"contentUrl\":\"https:\/\/www.bbsabogados.com\/wp-content\/uploads\/2020\/02\/LOGO_Abogados_BBS.png\",\"width\":130,\"height\":83,\"caption\":\"BBS Abogados\"},\"image\":{\"@id\":\"https:\/\/www.bbsabogados.com\/ca\/#\/schema\/logo\/image\/\"},\"sameAs\":[\"https:\/\/www.linkedin.com\/in\/arcadi-sala-planell-bbs-abogados-29a37516\/\",\"https:\/\/x.com\/bbsabogados\",\"https:\/\/www.facebook.com\/pages\/BBS-Abogados-y-Asesores-Financieros\/161040880606162\",\"https:\/\/www.instagram.com\/bbsabogados\/\"]},{\"@type\":\"Person\",\"@id\":\"https:\/\/www.bbsabogados.com\/ca\/#\/schema\/person\/713a0deadf95fc79d77406bc73f52279\",\"name\":\"Arcadi Sala-Planell\",\"image\":{\"@type\":\"ImageObject\",\"inLanguage\":\"ca\",\"@id\":\"https:\/\/secure.gravatar.com\/avatar\/d305bd39cf310b98af953dec4cabbcd5f6c5a2d79f006648755a8493629a7138?s=96&d=mm&r=g\",\"url\":\"https:\/\/secure.gravatar.com\/avatar\/d305bd39cf310b98af953dec4cabbcd5f6c5a2d79f006648755a8493629a7138?s=96&d=mm&r=g\",\"contentUrl\":\"https:\/\/secure.gravatar.com\/avatar\/d305bd39cf310b98af953dec4cabbcd5f6c5a2d79f006648755a8493629a7138?s=96&d=mm&r=g\",\"caption\":\"Arcadi Sala-Planell\"}}]}<\/script>\n<!-- \/ Yoast SEO plugin. -->","yoast_head_json":{"title":"Reclamar a l'asseguran\u00e7a per tancament durant el c\u00f3vid","description":"Reclamar a l'asseguran\u00e7a per tancament durant el c\u00f3vid","robots":{"index":"index","follow":"follow","max-snippet":"max-snippet:-1","max-image-preview":"max-image-preview:large","max-video-preview":"max-video-preview:-1"},"canonical":"https:\/\/www.bbsabogados.com\/ca\/reclamar-a-lasseguranca-per-tancament-durant-el-covid\/","og_locale":"ca_ES","og_type":"article","og_title":"Reclamar a l'asseguran\u00e7a per tancament durant el c\u00f3vid","og_description":"Reclamar a l'asseguran\u00e7a per tancament durant el c\u00f3vid","og_url":"https:\/\/www.bbsabogados.com\/ca\/reclamar-a-lasseguranca-per-tancament-durant-el-covid\/","og_site_name":"Despacho BBS Abogados","article_publisher":"https:\/\/www.linkedin.com\/in\/arcadi-sala-planell-bbs-abogados-29a37516\/","article_published_time":"2023-05-09T07:31:42+00:00","article_modified_time":"2026-03-06T05:18:02+00:00","og_image":[{"width":600,"height":335,"url":"https:\/\/www.bbsabogados.com\/wp-content\/uploads\/2021\/07\/reclamar-al-seguro-por-cierre-durante-el-covid.jpg","type":"image\/jpeg"}],"author":"Arcadi Sala-Planell","twitter_card":"summary_large_image","twitter_creator":"@bbsabogados","twitter_site":"@bbsabogados","twitter_misc":{"Escrit per":"Arcadi Sala-Planell","Temps estimat de lectura":"2 minuts"},"schema":{"@context":"https:\/\/schema.org","@graph":[{"@type":"Article","@id":"https:\/\/www.bbsabogados.com\/ca\/reclamar-a-lasseguranca-per-tancament-durant-el-covid\/#article","isPartOf":{"@id":"https:\/\/www.bbsabogados.com\/ca\/reclamar-a-lasseguranca-per-tancament-durant-el-covid\/"},"author":{"name":"Arcadi Sala-Planell","@id":"https:\/\/www.bbsabogados.com\/ca\/#\/schema\/person\/713a0deadf95fc79d77406bc73f52279"},"headline":"Reclamar a l&#8217;asseguran\u00e7a per tancament durant el c\u00f3vid","datePublished":"2023-05-09T07:31:42+00:00","dateModified":"2026-03-06T05:18:02+00:00","mainEntityOfPage":{"@id":"https:\/\/www.bbsabogados.com\/ca\/reclamar-a-lasseguranca-per-tancament-durant-el-covid\/"},"wordCount":404,"publisher":{"@id":"https:\/\/www.bbsabogados.com\/ca\/#organization"},"image":{"@id":"https:\/\/www.bbsabogados.com\/ca\/reclamar-a-lasseguranca-per-tancament-durant-el-covid\/#primaryimage"},"thumbnailUrl":"https:\/\/www.bbsabogados.com\/wp-content\/uploads\/2021\/07\/reclamar-al-seguro-por-cierre-durante-el-covid.jpg","articleSection":["Assessorament hipoteques","Not\u00edcies Jur\u00eddiques","Noticies Juridiques"],"inLanguage":"ca"},{"@type":"WebPage","@id":"https:\/\/www.bbsabogados.com\/ca\/reclamar-a-lasseguranca-per-tancament-durant-el-covid\/","url":"https:\/\/www.bbsabogados.com\/ca\/reclamar-a-lasseguranca-per-tancament-durant-el-covid\/","name":"Reclamar a l'asseguran\u00e7a per tancament durant el c\u00f3vid","isPartOf":{"@id":"https:\/\/www.bbsabogados.com\/ca\/#website"},"primaryImageOfPage":{"@id":"https:\/\/www.bbsabogados.com\/ca\/reclamar-a-lasseguranca-per-tancament-durant-el-covid\/#primaryimage"},"image":{"@id":"https:\/\/www.bbsabogados.com\/ca\/reclamar-a-lasseguranca-per-tancament-durant-el-covid\/#primaryimage"},"thumbnailUrl":"https:\/\/www.bbsabogados.com\/wp-content\/uploads\/2021\/07\/reclamar-al-seguro-por-cierre-durante-el-covid.jpg","datePublished":"2023-05-09T07:31:42+00:00","dateModified":"2026-03-06T05:18:02+00:00","description":"Reclamar a l'asseguran\u00e7a per tancament durant el c\u00f3vid","breadcrumb":{"@id":"https:\/\/www.bbsabogados.com\/ca\/reclamar-a-lasseguranca-per-tancament-durant-el-covid\/#breadcrumb"},"inLanguage":"ca","potentialAction":[{"@type":"ReadAction","target":["https:\/\/www.bbsabogados.com\/ca\/reclamar-a-lasseguranca-per-tancament-durant-el-covid\/"]}]},{"@type":"ImageObject","inLanguage":"ca","@id":"https:\/\/www.bbsabogados.com\/ca\/reclamar-a-lasseguranca-per-tancament-durant-el-covid\/#primaryimage","url":"https:\/\/www.bbsabogados.com\/wp-content\/uploads\/2021\/07\/reclamar-al-seguro-por-cierre-durante-el-covid.jpg","contentUrl":"https:\/\/www.bbsabogados.com\/wp-content\/uploads\/2021\/07\/reclamar-al-seguro-por-cierre-durante-el-covid.jpg","width":600,"height":335},{"@type":"BreadcrumbList","@id":"https:\/\/www.bbsabogados.com\/ca\/reclamar-a-lasseguranca-per-tancament-durant-el-covid\/#breadcrumb","itemListElement":[{"@type":"ListItem","position":1,"name":"Inicio","item":"https:\/\/www.bbsabogados.com\/ca\/"},{"@type":"ListItem","position":2,"name":"Not\u00edcies Jur\u00eddiques","item":"https:\/\/www.bbsabogados.com\/ca\/categoria\/noticies-juridiques-novetats-legals-rellevants\/"},{"@type":"ListItem","position":3,"name":"Reclamar a l&#8217;asseguran\u00e7a per tancament durant el c\u00f3vid"}]},{"@type":"WebSite","@id":"https:\/\/www.bbsabogados.com\/ca\/#website","url":"https:\/\/www.bbsabogados.com\/ca\/","name":"BBS Abogados","description":"Expertos en Derecho Bancario y Financiero","publisher":{"@id":"https:\/\/www.bbsabogados.com\/ca\/#organization"},"potentialAction":[{"@type":"SearchAction","target":{"@type":"EntryPoint","urlTemplate":"https:\/\/www.bbsabogados.com\/ca\/?s={search_term_string}"},"query-input":{"@type":"PropertyValueSpecification","valueRequired":true,"valueName":"search_term_string"}}],"inLanguage":"ca"},{"@type":"Organization","@id":"https:\/\/www.bbsabogados.com\/ca\/#organization","name":"BBS Abogados","url":"https:\/\/www.bbsabogados.com\/ca\/","logo":{"@type":"ImageObject","inLanguage":"ca","@id":"https:\/\/www.bbsabogados.com\/ca\/#\/schema\/logo\/image\/","url":"https:\/\/www.bbsabogados.com\/wp-content\/uploads\/2020\/02\/LOGO_Abogados_BBS.png","contentUrl":"https:\/\/www.bbsabogados.com\/wp-content\/uploads\/2020\/02\/LOGO_Abogados_BBS.png","width":130,"height":83,"caption":"BBS Abogados"},"image":{"@id":"https:\/\/www.bbsabogados.com\/ca\/#\/schema\/logo\/image\/"},"sameAs":["https:\/\/www.linkedin.com\/in\/arcadi-sala-planell-bbs-abogados-29a37516\/","https:\/\/x.com\/bbsabogados","https:\/\/www.facebook.com\/pages\/BBS-Abogados-y-Asesores-Financieros\/161040880606162","https:\/\/www.instagram.com\/bbsabogados\/"]},{"@type":"Person","@id":"https:\/\/www.bbsabogados.com\/ca\/#\/schema\/person\/713a0deadf95fc79d77406bc73f52279","name":"Arcadi Sala-Planell","image":{"@type":"ImageObject","inLanguage":"ca","@id":"https:\/\/secure.gravatar.com\/avatar\/d305bd39cf310b98af953dec4cabbcd5f6c5a2d79f006648755a8493629a7138?s=96&d=mm&r=g","url":"https:\/\/secure.gravatar.com\/avatar\/d305bd39cf310b98af953dec4cabbcd5f6c5a2d79f006648755a8493629a7138?s=96&d=mm&r=g","contentUrl":"https:\/\/secure.gravatar.com\/avatar\/d305bd39cf310b98af953dec4cabbcd5f6c5a2d79f006648755a8493629a7138?s=96&d=mm&r=g","caption":"Arcadi Sala-Planell"}}]}},"_links":{"self":[{"href":"https:\/\/www.bbsabogados.com\/ca\/wp-json\/wp\/v2\/posts\/8295","targetHints":{"allow":["GET"]}}],"collection":[{"href":"https:\/\/www.bbsabogados.com\/ca\/wp-json\/wp\/v2\/posts"}],"about":[{"href":"https:\/\/www.bbsabogados.com\/ca\/wp-json\/wp\/v2\/types\/post"}],"author":[{"embeddable":true,"href":"https:\/\/www.bbsabogados.com\/ca\/wp-json\/wp\/v2\/users\/3"}],"replies":[{"embeddable":true,"href":"https:\/\/www.bbsabogados.com\/ca\/wp-json\/wp\/v2\/comments?post=8295"}],"version-history":[{"count":1,"href":"https:\/\/www.bbsabogados.com\/ca\/wp-json\/wp\/v2\/posts\/8295\/revisions"}],"predecessor-version":[{"id":14920,"href":"https:\/\/www.bbsabogados.com\/ca\/wp-json\/wp\/v2\/posts\/8295\/revisions\/14920"}],"wp:featuredmedia":[{"embeddable":true,"href":"https:\/\/www.bbsabogados.com\/ca\/wp-json\/wp\/v2\/media\/5648"}],"wp:attachment":[{"href":"https:\/\/www.bbsabogados.com\/ca\/wp-json\/wp\/v2\/media?parent=8295"}],"wp:term":[{"taxonomy":"category","embeddable":true,"href":"https:\/\/www.bbsabogados.com\/ca\/wp-json\/wp\/v2\/categories?post=8295"},{"taxonomy":"post_tag","embeddable":true,"href":"https:\/\/www.bbsabogados.com\/ca\/wp-json\/wp\/v2\/tags?post=8295"}],"curies":[{"name":"wp","href":"https:\/\/api.w.org\/{rel}","templated":true}]}}