{"id":8460,"date":"2023-05-16T12:45:34","date_gmt":"2023-05-16T10:45:34","guid":{"rendered":"https:\/\/www.bbsabogados.com\/despeses-ordinaries-i-extraordinaries-a-la-pensio-daliments\/"},"modified":"2026-03-06T06:18:02","modified_gmt":"2026-03-06T05:18:02","slug":"despeses-ordinaries-i-extraordinaries-a-la-pensio-daliments","status":"publish","type":"post","link":"https:\/\/www.bbsabogados.com\/ca\/despeses-ordinaries-i-extraordinaries-a-la-pensio-daliments\/","title":{"rendered":"Despeses ordin\u00e0ries i extraordin\u00e0ries a la pensi\u00f3 d&#8217;aliments"},"content":{"rendered":"\n<p>A <strong><a href=\"http:\/\/www.bbsabogados.com\">BBS ADVOCATS<\/a><\/strong>, ens arriben consultes en relaci\u00f3 amb les discrep\u00e0ncies que hi ha entre els progenitors a l&#8217;hora de fixar la pensi\u00f3 daliments a favor dels seus fills en un conveni regulador, durant el proc\u00e9s de separaci\u00f3 o divorci. Per aix\u00f2 en aquest article els parlem de les <strong>despeses ordin\u00e0ries i extraordin\u00e0ries a la <\/strong><a href=\"https:\/\/www.boe.es\/buscar\/act.php?id=BOE-A-2010 -13312&amp;p=20211202&amp;tn=1#a2371\" target=\"_blank\" rel=\"noreferrer noopener\"><strong>pensi\u00f3<\/strong> <strong>d&#8217;aliments<\/strong><\/a><strong> en un procediment de divorci o conveni regulador.<\/strong><\/p>\n\n<p>Des d&#8217;un punt de vista de l&#8217;economia familiar, \u00e9s important con\u00e8ixer quines despeses s&#8217;inclouen dins la pensi\u00f3 d&#8217;aliments i quines en quedarien excloses.<\/p>\n\n<p>Tant en un procediment contenci\u00f3s de separaci\u00f3 o divorci, com en un procediment de mutu acord, en qu\u00e8 hi ha fills menors i s&#8217;hagi d&#8217;establir una pensi\u00f3 d&#8217;aliments a favor seu, \u00e9s important entendre i assessorar-se sobre aquesta q\u00fcesti\u00f3.<\/p>\n\n<h4 class=\"wp-block-heading\"><strong>Qu\u00e8 inclou la pensi\u00f3 d&#8217;aliments?<\/strong><\/h4>\n\n<p>La pensi\u00f3 d&#8217;aliments que fixi el Jutge en cas de Sent\u00e8ncia o b\u00e9 per conveni regulador de mutu acord, ha d&#8217;incloure <strong>tot all\u00f2 indispensable per al manteniment, habitatge, vestit i assist\u00e8ncia m\u00e8dica del menor, aix\u00ed com les despeses d&#8217;educaci\u00f3.<\/strong><\/p>\n\n<h4 class=\"wp-block-heading\"><strong>Qui s\u00f3n els gastos ordinaris inclosos a la pensi\u00f3 d&#8217;aliments?<\/strong><strong><\/strong><\/h4>\n\n<p>S\u00f3n els destinats a cobrir <strong>necessitats comunes<\/strong> i, a m\u00e9s a m\u00e9s<strong>, no requereixen el previ consentiment del progenitor no custodi,<\/strong> com s\u00f3n els de vestit, lleure, educaci\u00f3, inclosos els universitaris en centres p\u00fablics (rebuts expedits pel centre educatiu, assegurances escolars, AMPA, matr\u00edcula, aula matinal, transport i menjador si escau, material docent no subvencionat, excursions escolars, uniformes, llibres).<\/p>\n\n<h4 class=\"wp-block-heading\"><strong>Quines s\u00f3n les despeses extraordin\u00e0ries?<\/strong><\/h4>\n\n<p>En ser despeses <strong>no usuals<\/strong>, s&#8217;haurien d&#8217;incloure les activitats extraescolars, esportives, m\u00fasica, ball, inform\u00e0tica, idiomes, campaments o cursos d&#8217;estiu, viatges a l&#8217;estranger, festes d&#8217;aniversari, despeses de col\u00b7legi\/universitat privades, m\u00e0ster o curs de postgrau i les estades a resid\u00e8ncies universit\u00e0ries. Tamb\u00e9 s&#8217;hi inclouen les despeses m\u00e8diques no cobertes per la seguretat social.<\/p>\n\n<h4 class=\"wp-block-heading\">Assessoreu-vos per un Advocat<\/h4>\n\n<p>No estar ben assessorat per un <strong>Advocat<\/strong>pot implicar que el menor no rebi la quantitat necess\u00e0ria per a sostenir-lo o b\u00e9, per contra, es pagui m\u00e9s per un progenitor del que aquest hauria de.<\/p>\n\n<p>Al llarg dels anys, els tribunals han anat desenvolupant que partides o conceptes s&#8217;han d&#8217;incloure dins de la pensi\u00f3 d&#8217;aliments, \u00e9s a dir, les despeses ordin\u00e0ries, i quines han de ser satisfetes al 50% en ser despeses extraordin\u00e0ries.<\/p>\n\n<p>Com sempre, i especialment en els convenis de mutu acord, les parts poden pactar o canviar la classificaci\u00f3 de les despeses, cosa que recomanem que es faci tamb\u00e9 <strong>de forma assessorada.<\/strong><\/p>\n\n<p>Si voleu rebre <strong>assessorament especialitzat,<\/strong> podeu contactar amb nosaltres a trav\u00e9s del nostre <a href=\"https:\/\/www.bbsabogados.com\/oficines\/\" target=\"_blank\" rel=\"noreferrer noopener\">formulari de contacte<\/a>, escrivint un email a bbsabogados@bbsabogados.com o trucant al 93 760 53 77.<\/p>\n","protected":false},"excerpt":{"rendered":"<p>A BBS ADVOCATS, ens arriben consultes en relaci\u00f3 amb les discrep\u00e0ncies que hi ha entre els progenitors a l&#8217;hora de fixar la pensi\u00f3 daliments a favor dels seus fills en un conveni regulador, durant el proc\u00e9s de separaci\u00f3 o divorci. Per aix\u00f2 en aquest article els parlem de les despeses ordin\u00e0ries i extraordin\u00e0ries a la [&hellip;]<\/p>\n","protected":false},"author":3,"featured_media":8119,"comment_status":"closed","ping_status":"closed","sticky":false,"template":"","format":"standard","meta":{"_acf_changed":false,"_monsterinsights_skip_tracking":false,"_monsterinsights_sitenote_active":false,"_monsterinsights_sitenote_note":"","_monsterinsights_sitenote_category":0,"footnotes":""},"categories":[269,341],"tags":[],"class_list":["post-8460","post","type-post","status-publish","format-standard","has-post-thumbnail","hentry","category-noticies-juridiques-novetats-legals-rellevants","category-noticies-juridiques"],"acf":[],"yoast_head":"<!-- This site is optimized with the Yoast SEO plugin v27.2 - https:\/\/yoast.com\/product\/yoast-seo-wordpress\/ -->\n<title>Despeses ordin\u00e0ries i extraordin\u00e0ries a la pensi\u00f3 d&#039;aliments<\/title>\n<meta name=\"description\" content=\"despeses ordin\u00e0ries i extraordin\u00e0ries en la pensi\u00f3 d&#039;aliments en un procediment de divorci o conveni regulador. Advocat Barcelona.\" \/>\n<meta name=\"robots\" content=\"index, follow, max-snippet:-1, max-image-preview:large, max-video-preview:-1\" \/>\n<link rel=\"canonical\" href=\"https:\/\/www.bbsabogados.com\/ca\/despeses-ordinaries-i-extraordinaries-a-la-pensio-daliments\/\" \/>\n<meta property=\"og:locale\" content=\"ca_ES\" \/>\n<meta property=\"og:type\" content=\"article\" \/>\n<meta property=\"og:title\" content=\"Despeses ordin\u00e0ries i extraordin\u00e0ries a la pensi\u00f3 d&#039;aliments\" \/>\n<meta property=\"og:description\" content=\"despeses ordin\u00e0ries i extraordin\u00e0ries en la pensi\u00f3 d&#039;aliments en un procediment de divorci o conveni regulador. Advocat Barcelona.\" \/>\n<meta property=\"og:url\" content=\"https:\/\/www.bbsabogados.com\/ca\/despeses-ordinaries-i-extraordinaries-a-la-pensio-daliments\/\" \/>\n<meta property=\"og:site_name\" content=\"Despacho BBS Abogados\" \/>\n<meta property=\"article:publisher\" content=\"https:\/\/www.linkedin.com\/in\/arcadi-sala-planell-bbs-abogados-29a37516\/\" \/>\n<meta property=\"article:published_time\" content=\"2023-05-16T10:45:34+00:00\" \/>\n<meta property=\"article:modified_time\" content=\"2026-03-06T05:18:02+00:00\" \/>\n<meta property=\"og:image\" content=\"https:\/\/www.bbsabogados.com\/wp-content\/uploads\/2023\/03\/Gastos-ordinarios-extraordinarios-pension-de-alimentos.jpg\" \/>\n\t<meta property=\"og:image:width\" content=\"638\" \/>\n\t<meta property=\"og:image:height\" content=\"402\" \/>\n\t<meta property=\"og:image:type\" content=\"image\/jpeg\" \/>\n<meta name=\"author\" content=\"Arcadi Sala-Planell\" \/>\n<meta name=\"twitter:card\" content=\"summary_large_image\" \/>\n<meta name=\"twitter:creator\" content=\"@bbsabogados\" \/>\n<meta name=\"twitter:site\" content=\"@bbsabogados\" \/>\n<meta name=\"twitter:label1\" content=\"Escrit per\" \/>\n\t<meta name=\"twitter:data1\" content=\"Arcadi Sala-Planell\" \/>\n\t<meta name=\"twitter:label2\" content=\"Temps estimat de lectura\" \/>\n\t<meta name=\"twitter:data2\" content=\"2 minuts\" \/>\n<script type=\"application\/ld+json\" class=\"yoast-schema-graph\">{\"@context\":\"https:\/\/schema.org\",\"@graph\":[{\"@type\":\"Article\",\"@id\":\"https:\/\/www.bbsabogados.com\/ca\/despeses-ordinaries-i-extraordinaries-a-la-pensio-daliments\/#article\",\"isPartOf\":{\"@id\":\"https:\/\/www.bbsabogados.com\/ca\/despeses-ordinaries-i-extraordinaries-a-la-pensio-daliments\/\"},\"author\":{\"name\":\"Arcadi Sala-Planell\",\"@id\":\"https:\/\/www.bbsabogados.com\/ca\/#\/schema\/person\/713a0deadf95fc79d77406bc73f52279\"},\"headline\":\"Despeses ordin\u00e0ries i extraordin\u00e0ries a la pensi\u00f3 d&#8217;aliments\",\"datePublished\":\"2023-05-16T10:45:34+00:00\",\"dateModified\":\"2026-03-06T05:18:02+00:00\",\"mainEntityOfPage\":{\"@id\":\"https:\/\/www.bbsabogados.com\/ca\/despeses-ordinaries-i-extraordinaries-a-la-pensio-daliments\/\"},\"wordCount\":493,\"publisher\":{\"@id\":\"https:\/\/www.bbsabogados.com\/ca\/#organization\"},\"image\":{\"@id\":\"https:\/\/www.bbsabogados.com\/ca\/despeses-ordinaries-i-extraordinaries-a-la-pensio-daliments\/#primaryimage\"},\"thumbnailUrl\":\"https:\/\/www.bbsabogados.com\/wp-content\/uploads\/2023\/03\/Gastos-ordinarios-extraordinarios-pension-de-alimentos.jpg\",\"articleSection\":[\"Not\u00edcies Jur\u00eddiques\",\"Noticies Juridiques\"],\"inLanguage\":\"ca\"},{\"@type\":\"WebPage\",\"@id\":\"https:\/\/www.bbsabogados.com\/ca\/despeses-ordinaries-i-extraordinaries-a-la-pensio-daliments\/\",\"url\":\"https:\/\/www.bbsabogados.com\/ca\/despeses-ordinaries-i-extraordinaries-a-la-pensio-daliments\/\",\"name\":\"Despeses ordin\u00e0ries i extraordin\u00e0ries a la pensi\u00f3 d'aliments\",\"isPartOf\":{\"@id\":\"https:\/\/www.bbsabogados.com\/ca\/#website\"},\"primaryImageOfPage\":{\"@id\":\"https:\/\/www.bbsabogados.com\/ca\/despeses-ordinaries-i-extraordinaries-a-la-pensio-daliments\/#primaryimage\"},\"image\":{\"@id\":\"https:\/\/www.bbsabogados.com\/ca\/despeses-ordinaries-i-extraordinaries-a-la-pensio-daliments\/#primaryimage\"},\"thumbnailUrl\":\"https:\/\/www.bbsabogados.com\/wp-content\/uploads\/2023\/03\/Gastos-ordinarios-extraordinarios-pension-de-alimentos.jpg\",\"datePublished\":\"2023-05-16T10:45:34+00:00\",\"dateModified\":\"2026-03-06T05:18:02+00:00\",\"description\":\"despeses ordin\u00e0ries i extraordin\u00e0ries en la pensi\u00f3 d'aliments en un procediment de divorci o conveni regulador. Advocat Barcelona.\",\"breadcrumb\":{\"@id\":\"https:\/\/www.bbsabogados.com\/ca\/despeses-ordinaries-i-extraordinaries-a-la-pensio-daliments\/#breadcrumb\"},\"inLanguage\":\"ca\",\"potentialAction\":[{\"@type\":\"ReadAction\",\"target\":[\"https:\/\/www.bbsabogados.com\/ca\/despeses-ordinaries-i-extraordinaries-a-la-pensio-daliments\/\"]}]},{\"@type\":\"ImageObject\",\"inLanguage\":\"ca\",\"@id\":\"https:\/\/www.bbsabogados.com\/ca\/despeses-ordinaries-i-extraordinaries-a-la-pensio-daliments\/#primaryimage\",\"url\":\"https:\/\/www.bbsabogados.com\/wp-content\/uploads\/2023\/03\/Gastos-ordinarios-extraordinarios-pension-de-alimentos.jpg\",\"contentUrl\":\"https:\/\/www.bbsabogados.com\/wp-content\/uploads\/2023\/03\/Gastos-ordinarios-extraordinarios-pension-de-alimentos.jpg\",\"width\":638,\"height\":402,\"caption\":\"Gastos ordinarios y extraordinarios en la pensi\u00f3n de alimentos\"},{\"@type\":\"BreadcrumbList\",\"@id\":\"https:\/\/www.bbsabogados.com\/ca\/despeses-ordinaries-i-extraordinaries-a-la-pensio-daliments\/#breadcrumb\",\"itemListElement\":[{\"@type\":\"ListItem\",\"position\":1,\"name\":\"Inicio\",\"item\":\"https:\/\/www.bbsabogados.com\/ca\/\"},{\"@type\":\"ListItem\",\"position\":2,\"name\":\"Not\u00edcies Jur\u00eddiques\",\"item\":\"https:\/\/www.bbsabogados.com\/ca\/categoria\/noticies-juridiques-novetats-legals-rellevants\/\"},{\"@type\":\"ListItem\",\"position\":3,\"name\":\"Despeses ordin\u00e0ries i extraordin\u00e0ries a la pensi\u00f3 d&#8217;aliments\"}]},{\"@type\":\"WebSite\",\"@id\":\"https:\/\/www.bbsabogados.com\/ca\/#website\",\"url\":\"https:\/\/www.bbsabogados.com\/ca\/\",\"name\":\"BBS Abogados\",\"description\":\"Expertos en Derecho Bancario y Financiero\",\"publisher\":{\"@id\":\"https:\/\/www.bbsabogados.com\/ca\/#organization\"},\"potentialAction\":[{\"@type\":\"SearchAction\",\"target\":{\"@type\":\"EntryPoint\",\"urlTemplate\":\"https:\/\/www.bbsabogados.com\/ca\/?s={search_term_string}\"},\"query-input\":{\"@type\":\"PropertyValueSpecification\",\"valueRequired\":true,\"valueName\":\"search_term_string\"}}],\"inLanguage\":\"ca\"},{\"@type\":\"Organization\",\"@id\":\"https:\/\/www.bbsabogados.com\/ca\/#organization\",\"name\":\"BBS Abogados\",\"url\":\"https:\/\/www.bbsabogados.com\/ca\/\",\"logo\":{\"@type\":\"ImageObject\",\"inLanguage\":\"ca\",\"@id\":\"https:\/\/www.bbsabogados.com\/ca\/#\/schema\/logo\/image\/\",\"url\":\"https:\/\/www.bbsabogados.com\/wp-content\/uploads\/2020\/02\/LOGO_Abogados_BBS.png\",\"contentUrl\":\"https:\/\/www.bbsabogados.com\/wp-content\/uploads\/2020\/02\/LOGO_Abogados_BBS.png\",\"width\":130,\"height\":83,\"caption\":\"BBS Abogados\"},\"image\":{\"@id\":\"https:\/\/www.bbsabogados.com\/ca\/#\/schema\/logo\/image\/\"},\"sameAs\":[\"https:\/\/www.linkedin.com\/in\/arcadi-sala-planell-bbs-abogados-29a37516\/\",\"https:\/\/x.com\/bbsabogados\",\"https:\/\/www.facebook.com\/pages\/BBS-Abogados-y-Asesores-Financieros\/161040880606162\",\"https:\/\/www.instagram.com\/bbsabogados\/\"]},{\"@type\":\"Person\",\"@id\":\"https:\/\/www.bbsabogados.com\/ca\/#\/schema\/person\/713a0deadf95fc79d77406bc73f52279\",\"name\":\"Arcadi Sala-Planell\",\"image\":{\"@type\":\"ImageObject\",\"inLanguage\":\"ca\",\"@id\":\"https:\/\/secure.gravatar.com\/avatar\/d305bd39cf310b98af953dec4cabbcd5f6c5a2d79f006648755a8493629a7138?s=96&d=mm&r=g\",\"url\":\"https:\/\/secure.gravatar.com\/avatar\/d305bd39cf310b98af953dec4cabbcd5f6c5a2d79f006648755a8493629a7138?s=96&d=mm&r=g\",\"contentUrl\":\"https:\/\/secure.gravatar.com\/avatar\/d305bd39cf310b98af953dec4cabbcd5f6c5a2d79f006648755a8493629a7138?s=96&d=mm&r=g\",\"caption\":\"Arcadi Sala-Planell\"}}]}<\/script>\n<!-- \/ Yoast SEO plugin. -->","yoast_head_json":{"title":"Despeses ordin\u00e0ries i extraordin\u00e0ries a la pensi\u00f3 d'aliments","description":"despeses ordin\u00e0ries i extraordin\u00e0ries en la pensi\u00f3 d'aliments en un procediment de divorci o conveni regulador. Advocat Barcelona.","robots":{"index":"index","follow":"follow","max-snippet":"max-snippet:-1","max-image-preview":"max-image-preview:large","max-video-preview":"max-video-preview:-1"},"canonical":"https:\/\/www.bbsabogados.com\/ca\/despeses-ordinaries-i-extraordinaries-a-la-pensio-daliments\/","og_locale":"ca_ES","og_type":"article","og_title":"Despeses ordin\u00e0ries i extraordin\u00e0ries a la pensi\u00f3 d'aliments","og_description":"despeses ordin\u00e0ries i extraordin\u00e0ries en la pensi\u00f3 d'aliments en un procediment de divorci o conveni regulador. Advocat Barcelona.","og_url":"https:\/\/www.bbsabogados.com\/ca\/despeses-ordinaries-i-extraordinaries-a-la-pensio-daliments\/","og_site_name":"Despacho BBS Abogados","article_publisher":"https:\/\/www.linkedin.com\/in\/arcadi-sala-planell-bbs-abogados-29a37516\/","article_published_time":"2023-05-16T10:45:34+00:00","article_modified_time":"2026-03-06T05:18:02+00:00","og_image":[{"width":638,"height":402,"url":"https:\/\/www.bbsabogados.com\/wp-content\/uploads\/2023\/03\/Gastos-ordinarios-extraordinarios-pension-de-alimentos.jpg","type":"image\/jpeg"}],"author":"Arcadi Sala-Planell","twitter_card":"summary_large_image","twitter_creator":"@bbsabogados","twitter_site":"@bbsabogados","twitter_misc":{"Escrit per":"Arcadi Sala-Planell","Temps estimat de lectura":"2 minuts"},"schema":{"@context":"https:\/\/schema.org","@graph":[{"@type":"Article","@id":"https:\/\/www.bbsabogados.com\/ca\/despeses-ordinaries-i-extraordinaries-a-la-pensio-daliments\/#article","isPartOf":{"@id":"https:\/\/www.bbsabogados.com\/ca\/despeses-ordinaries-i-extraordinaries-a-la-pensio-daliments\/"},"author":{"name":"Arcadi Sala-Planell","@id":"https:\/\/www.bbsabogados.com\/ca\/#\/schema\/person\/713a0deadf95fc79d77406bc73f52279"},"headline":"Despeses ordin\u00e0ries i extraordin\u00e0ries a la pensi\u00f3 d&#8217;aliments","datePublished":"2023-05-16T10:45:34+00:00","dateModified":"2026-03-06T05:18:02+00:00","mainEntityOfPage":{"@id":"https:\/\/www.bbsabogados.com\/ca\/despeses-ordinaries-i-extraordinaries-a-la-pensio-daliments\/"},"wordCount":493,"publisher":{"@id":"https:\/\/www.bbsabogados.com\/ca\/#organization"},"image":{"@id":"https:\/\/www.bbsabogados.com\/ca\/despeses-ordinaries-i-extraordinaries-a-la-pensio-daliments\/#primaryimage"},"thumbnailUrl":"https:\/\/www.bbsabogados.com\/wp-content\/uploads\/2023\/03\/Gastos-ordinarios-extraordinarios-pension-de-alimentos.jpg","articleSection":["Not\u00edcies Jur\u00eddiques","Noticies Juridiques"],"inLanguage":"ca"},{"@type":"WebPage","@id":"https:\/\/www.bbsabogados.com\/ca\/despeses-ordinaries-i-extraordinaries-a-la-pensio-daliments\/","url":"https:\/\/www.bbsabogados.com\/ca\/despeses-ordinaries-i-extraordinaries-a-la-pensio-daliments\/","name":"Despeses ordin\u00e0ries i extraordin\u00e0ries a la pensi\u00f3 d'aliments","isPartOf":{"@id":"https:\/\/www.bbsabogados.com\/ca\/#website"},"primaryImageOfPage":{"@id":"https:\/\/www.bbsabogados.com\/ca\/despeses-ordinaries-i-extraordinaries-a-la-pensio-daliments\/#primaryimage"},"image":{"@id":"https:\/\/www.bbsabogados.com\/ca\/despeses-ordinaries-i-extraordinaries-a-la-pensio-daliments\/#primaryimage"},"thumbnailUrl":"https:\/\/www.bbsabogados.com\/wp-content\/uploads\/2023\/03\/Gastos-ordinarios-extraordinarios-pension-de-alimentos.jpg","datePublished":"2023-05-16T10:45:34+00:00","dateModified":"2026-03-06T05:18:02+00:00","description":"despeses ordin\u00e0ries i extraordin\u00e0ries en la pensi\u00f3 d'aliments en un procediment de divorci o conveni regulador. Advocat Barcelona.","breadcrumb":{"@id":"https:\/\/www.bbsabogados.com\/ca\/despeses-ordinaries-i-extraordinaries-a-la-pensio-daliments\/#breadcrumb"},"inLanguage":"ca","potentialAction":[{"@type":"ReadAction","target":["https:\/\/www.bbsabogados.com\/ca\/despeses-ordinaries-i-extraordinaries-a-la-pensio-daliments\/"]}]},{"@type":"ImageObject","inLanguage":"ca","@id":"https:\/\/www.bbsabogados.com\/ca\/despeses-ordinaries-i-extraordinaries-a-la-pensio-daliments\/#primaryimage","url":"https:\/\/www.bbsabogados.com\/wp-content\/uploads\/2023\/03\/Gastos-ordinarios-extraordinarios-pension-de-alimentos.jpg","contentUrl":"https:\/\/www.bbsabogados.com\/wp-content\/uploads\/2023\/03\/Gastos-ordinarios-extraordinarios-pension-de-alimentos.jpg","width":638,"height":402,"caption":"Gastos ordinarios y extraordinarios en la pensi\u00f3n de alimentos"},{"@type":"BreadcrumbList","@id":"https:\/\/www.bbsabogados.com\/ca\/despeses-ordinaries-i-extraordinaries-a-la-pensio-daliments\/#breadcrumb","itemListElement":[{"@type":"ListItem","position":1,"name":"Inicio","item":"https:\/\/www.bbsabogados.com\/ca\/"},{"@type":"ListItem","position":2,"name":"Not\u00edcies Jur\u00eddiques","item":"https:\/\/www.bbsabogados.com\/ca\/categoria\/noticies-juridiques-novetats-legals-rellevants\/"},{"@type":"ListItem","position":3,"name":"Despeses ordin\u00e0ries i extraordin\u00e0ries a la pensi\u00f3 d&#8217;aliments"}]},{"@type":"WebSite","@id":"https:\/\/www.bbsabogados.com\/ca\/#website","url":"https:\/\/www.bbsabogados.com\/ca\/","name":"BBS Abogados","description":"Expertos en Derecho Bancario y Financiero","publisher":{"@id":"https:\/\/www.bbsabogados.com\/ca\/#organization"},"potentialAction":[{"@type":"SearchAction","target":{"@type":"EntryPoint","urlTemplate":"https:\/\/www.bbsabogados.com\/ca\/?s={search_term_string}"},"query-input":{"@type":"PropertyValueSpecification","valueRequired":true,"valueName":"search_term_string"}}],"inLanguage":"ca"},{"@type":"Organization","@id":"https:\/\/www.bbsabogados.com\/ca\/#organization","name":"BBS Abogados","url":"https:\/\/www.bbsabogados.com\/ca\/","logo":{"@type":"ImageObject","inLanguage":"ca","@id":"https:\/\/www.bbsabogados.com\/ca\/#\/schema\/logo\/image\/","url":"https:\/\/www.bbsabogados.com\/wp-content\/uploads\/2020\/02\/LOGO_Abogados_BBS.png","contentUrl":"https:\/\/www.bbsabogados.com\/wp-content\/uploads\/2020\/02\/LOGO_Abogados_BBS.png","width":130,"height":83,"caption":"BBS Abogados"},"image":{"@id":"https:\/\/www.bbsabogados.com\/ca\/#\/schema\/logo\/image\/"},"sameAs":["https:\/\/www.linkedin.com\/in\/arcadi-sala-planell-bbs-abogados-29a37516\/","https:\/\/x.com\/bbsabogados","https:\/\/www.facebook.com\/pages\/BBS-Abogados-y-Asesores-Financieros\/161040880606162","https:\/\/www.instagram.com\/bbsabogados\/"]},{"@type":"Person","@id":"https:\/\/www.bbsabogados.com\/ca\/#\/schema\/person\/713a0deadf95fc79d77406bc73f52279","name":"Arcadi Sala-Planell","image":{"@type":"ImageObject","inLanguage":"ca","@id":"https:\/\/secure.gravatar.com\/avatar\/d305bd39cf310b98af953dec4cabbcd5f6c5a2d79f006648755a8493629a7138?s=96&d=mm&r=g","url":"https:\/\/secure.gravatar.com\/avatar\/d305bd39cf310b98af953dec4cabbcd5f6c5a2d79f006648755a8493629a7138?s=96&d=mm&r=g","contentUrl":"https:\/\/secure.gravatar.com\/avatar\/d305bd39cf310b98af953dec4cabbcd5f6c5a2d79f006648755a8493629a7138?s=96&d=mm&r=g","caption":"Arcadi Sala-Planell"}}]}},"_links":{"self":[{"href":"https:\/\/www.bbsabogados.com\/ca\/wp-json\/wp\/v2\/posts\/8460","targetHints":{"allow":["GET"]}}],"collection":[{"href":"https:\/\/www.bbsabogados.com\/ca\/wp-json\/wp\/v2\/posts"}],"about":[{"href":"https:\/\/www.bbsabogados.com\/ca\/wp-json\/wp\/v2\/types\/post"}],"author":[{"embeddable":true,"href":"https:\/\/www.bbsabogados.com\/ca\/wp-json\/wp\/v2\/users\/3"}],"replies":[{"embeddable":true,"href":"https:\/\/www.bbsabogados.com\/ca\/wp-json\/wp\/v2\/comments?post=8460"}],"version-history":[{"count":1,"href":"https:\/\/www.bbsabogados.com\/ca\/wp-json\/wp\/v2\/posts\/8460\/revisions"}],"predecessor-version":[{"id":14918,"href":"https:\/\/www.bbsabogados.com\/ca\/wp-json\/wp\/v2\/posts\/8460\/revisions\/14918"}],"wp:featuredmedia":[{"embeddable":true,"href":"https:\/\/www.bbsabogados.com\/ca\/wp-json\/wp\/v2\/media\/8119"}],"wp:attachment":[{"href":"https:\/\/www.bbsabogados.com\/ca\/wp-json\/wp\/v2\/media?parent=8460"}],"wp:term":[{"taxonomy":"category","embeddable":true,"href":"https:\/\/www.bbsabogados.com\/ca\/wp-json\/wp\/v2\/categories?post=8460"},{"taxonomy":"post_tag","embeddable":true,"href":"https:\/\/www.bbsabogados.com\/ca\/wp-json\/wp\/v2\/tags?post=8460"}],"curies":[{"name":"wp","href":"https:\/\/api.w.org\/{rel}","templated":true}]}}